{"id":12390,"date":"2021-03-27T14:16:43","date_gmt":"2021-03-27T20:16:43","guid":{"rendered":"https:\/\/encuentroinformativo.com.mx\/?p=12390"},"modified":"2021-03-27T14:16:48","modified_gmt":"2021-03-27T20:16:48","slug":"mas-de-13-mil-veracruzanos-sin-recoger-su-credencial-de-elector","status":"publish","type":"post","link":"https:\/\/encuentroinformativo.com.mx\/?p=12390","title":{"rendered":"M\u00e1s de 13 mil veracruzanos sin recoger su credencial de elector"},"content":{"rendered":"\n<p><strong>Dar\u00edo Pale <\/strong><\/p>\n\n\n\n<p>Xalapa, Ver.- El Vocal Ejecutivo del Registro Federal de Electores (RFE), Sergio Vera Olvera dio a conocer que en esta ocasi\u00f3n entregar\u00e1n a los partidos pol\u00edticos las listas nominales acotadas de los 5 millones 555 mil 174 electores que podr\u00e1n sufragar en las pr\u00f3ximas elecciones del 6 de junio.<\/p>\n\n\n\n<p>En entrevista telef\u00f3nica dio a conocer que el d\u00eda 10 de febrero cerraron todos los movimientos que significaban cambios dentro del padr\u00f3n electoral ya que tienen que realizar las listas nominales y para no realizar movimientos al interior de estas, actualmente solo est\u00e1n haciendo reposiciones por extrav\u00edo o deterioro ya que eso no modifica el registro de electores lo que le permite continuar realizando reposiciones.<\/p>\n\n\n\n<p>Reconoci\u00f3 que muchos j\u00f3venes se inscribieron por primera ocasi\u00f3n ya que fueron 17 mil 439 los que captaron en esta campa\u00f1a de credencializaci\u00f3n, realizaron varios movimiento y atendieron cerca de un mill\u00f3n de veracruzanos hasta el 10 de febrero para hacer sus inscripciones o cambios de domicilio lo cual lanz\u00f3 un padr\u00f3n de 6 millones 42 mil 734 registros y la lista nominal de quienes van a poder sufragar es de 5 millones 555 mil 174 electores.<\/p>\n\n\n\n<p>Destac\u00f3 que tiene que realizar el cierre de entregas de credenciales el d\u00eda 10 de abril, lo cual es una fecha clave ya que no hay pr\u00f3rroga en el instituto y quienes no recojan su credencial para esa fecha la resguardar\u00e1n y la entregar\u00e1n despu\u00e9s de las elecciones, ya que hasta la fecha son m\u00e1s de 13 mil personas que no han acudido a los m\u00f3dulos a solicitar sus credenciales despu\u00e9s de realizar sus tr\u00e1mites.<\/p>\n\n\n\n<p>Recalc\u00f3 que del d\u00eda 11 de febrero y hasta el 25 de mayo estar\u00e1n haciendo reposiciones por extrav\u00edo o deterioro grave, ya que solo son reimpresiones ya que no cambian los datos de la credencial que extraviaron y la podr\u00e1n recoger hasta dos d\u00edas antes de la jornada electoral.<\/p>\n\n\n\n<p>En cuanto a la entrega de los padrones electorales a los partidos pol\u00edticos la realizar\u00e1n casi 20 d\u00edas antes de las elecciones, en esta ocasi\u00f3n ser\u00e1n &#8220;listas nominales acotadas&#8221;, ya que no traer\u00e1n algunos datos lo cual les permite ir garantizando que los datos que proporcionaron al RFE no se utilicen para ning\u00fan tipo de situaciones diferentes m\u00e1s que para lo que son y de esta forma garantizar a los ciudadanos que est\u00e1n resguardados.<\/p>\n\n\n\n<p>&#8220;\u00danicamente traer\u00e1 el nombre y un apellido, vamos a tratar de acotar muchos datos que \u00fanicamente permitan identificar desde luego al ciudadano no traer\u00e1 fotograf\u00eda la que le entreguemos a los partidos pol\u00edticos y muchas cuestiones por eso ahora les llamamos lista nominal acotada y tambi\u00e9n es muy expl\u00edcito el acuerdo del consejo general de la devoluci\u00f3n de las listas nominales que tendr\u00e1n que hacerse en al misma casilla se tendr\u00e1 que devolver por parte de los partidos pol\u00edticos o hasta 10 d\u00edas despu\u00e9s de que haya concluido el proceso electoral&#8221;, finaliz\u00f3.<\/p>\n","protected":false},"excerpt":{"rendered":"<p>Dar\u00edo Pale Xalapa, Ver.- El Vocal Ejecutivo del Registro Federal de Electores (RFE), Sergio Vera Olvera dio a conocer que en esta ocasi\u00f3n entregar\u00e1n a los partidos pol\u00edticos las listas nominales acotadas de los 5 millones 555 mil 174 electores que podr\u00e1n sufragar en las pr\u00f3ximas elecciones del 6 de junio. En entrevista telef\u00f3nica dio [&hellip;]<\/p>\n","protected":false},"author":1,"featured_media":12391,"comment_status":"open","ping_status":"open","sticky":false,"template":"","format":"standard","meta":{"_jetpack_memberships_contains_paid_content":false,"footnotes":""},"categories":[2],"tags":[],"class_list":["post-12390","post","type-post","status-publish","format-standard","has-post-thumbnail","hentry","category-estado"],"jetpack_featured_media_url":"https:\/\/encuentroinformativo.com.mx\/wp-content\/uploads\/2021\/03\/1F55CCB3-2709-4099-974F-1D315BFC5C5C.jpeg","jetpack_sharing_enabled":true,"jetpack_likes_enabled":true,"amp_enabled":true,"_links":{"self":[{"href":"https:\/\/encuentroinformativo.com.mx\/index.php?rest_route=\/wp\/v2\/posts\/12390","targetHints":{"allow":["GET"]}}],"collection":[{"href":"https:\/\/encuentroinformativo.com.mx\/index.php?rest_route=\/wp\/v2\/posts"}],"about":[{"href":"https:\/\/encuentroinformativo.com.mx\/index.php?rest_route=\/wp\/v2\/types\/post"}],"author":[{"embeddable":true,"href":"https:\/\/encuentroinformativo.com.mx\/index.php?rest_route=\/wp\/v2\/users\/1"}],"replies":[{"embeddable":true,"href":"https:\/\/encuentroinformativo.com.mx\/index.php?rest_route=%2Fwp%2Fv2%2Fcomments&post=12390"}],"version-history":[{"count":1,"href":"https:\/\/encuentroinformativo.com.mx\/index.php?rest_route=\/wp\/v2\/posts\/12390\/revisions"}],"predecessor-version":[{"id":12392,"href":"https:\/\/encuentroinformativo.com.mx\/index.php?rest_route=\/wp\/v2\/posts\/12390\/revisions\/12392"}],"wp:featuredmedia":[{"embeddable":true,"href":"https:\/\/encuentroinformativo.com.mx\/index.php?rest_route=\/wp\/v2\/media\/12391"}],"wp:attachment":[{"href":"https:\/\/encuentroinformativo.com.mx\/index.php?rest_route=%2Fwp%2Fv2%2Fmedia&parent=12390"}],"wp:term":[{"taxonomy":"category","embeddable":true,"href":"https:\/\/encuentroinformativo.com.mx\/index.php?rest_route=%2Fwp%2Fv2%2Fcategories&post=12390"},{"taxonomy":"post_tag","embeddable":true,"href":"https:\/\/encuentroinformativo.com.mx\/index.php?rest_route=%2Fwp%2Fv2%2Ftags&post=12390"}],"curies":[{"name":"wp","href":"https:\/\/api.w.org\/{rel}","templated":true}]}}