{"id":12395,"date":"2021-03-27T14:48:48","date_gmt":"2021-03-27T20:48:48","guid":{"rendered":"https:\/\/encuentroinformativo.com.mx\/?p=12395"},"modified":"2021-03-27T14:48:53","modified_gmt":"2021-03-27T20:48:53","slug":"rechaza-sindicato-retorno-a-clases-presenciales","status":"publish","type":"post","link":"https:\/\/encuentroinformativo.com.mx\/?p=12395","title":{"rendered":"Rechaza sindicato retorno a clases presenciales"},"content":{"rendered":"\n<p><strong>Dar\u00edo Pale<\/strong> <\/p>\n\n\n\n<p>Xalapa, Ver.- El Secretario General del Sindicato Magisterial Veracruzano (SMV), Ram\u00f3n Dom\u00ednguez Polo dio a conocer que ser\u00eda muy prematuro que se regresen a clases ya que los docentes de m\u00e1s de 60 a\u00f1os los vacunaron pero a los dem\u00e1s no y ser\u00eda bueno que tambi\u00e9n se le aplicar\u00e1 a los alumnos ya que de lo contrario ser\u00eda arriesgarlos a todos.<\/p>\n\n\n\n<p>Entrevistado en conocido caf\u00e9 del centro de Xalapa, se\u00f1al\u00f3 que para el regreso presencial a clases se tendr\u00e1n que vacunas a todos los docentes que es la parte medular de los maestros est\u00e1 entre los 35 a 45 a\u00f1os de edad por lo que a\u00fan no se les aplica la primera dosis, otro de los riesgos ser\u00eda que como padres de familia se le pedir\u00eda el consentimiento para ver si quiere que su hijo asista a clases ya que corre el riesgo de contagiarse.<\/p>\n\n\n\n<p>Para que se pueda regresar a clases en abril o mayo se tendr\u00edan que vacunar todos los docentes y a los estudiantes para poder tener un regreso seguro, pero es muy dif\u00edcil ya que las vacunas solo se las aplican a un sector y despu\u00e9s se van a otro estado, pero lo ideal ser\u00eda que se retomar\u00e1n las clases presenciales para marzo del 2022 cuando toda la poblaci\u00f3n cuente ya con su vacuna, prefieren tener a la poblaci\u00f3n segura de poder tener alg\u00fan contagio.<\/p>\n\n\n\n<p>&#8220;Lamentablemente la gente ya est\u00e1 aburrida de estar encerrada y hace poco hubo que en las playas estaban abarrotadas yo siento que si estar\u00e1 a\u00fan mayor, ya que la gente dice v\u00e1monos, vamos a desestresarnos un rato y yo siento que ser\u00e1 el doble o el triple de gente que va a ir a las playas y eso va a traer como consecuencia la tercera ola de infectados, a la gente le dicen que no vayan y tal parece que le dicen que vayan entonces no se puede luchar contra eso&#8221;, se\u00f1al\u00f3.<\/p>\n\n\n\n<p>Finalmente dio a conocer que deber\u00eda de existir una mesa de di\u00e1logo con los diferentes sindicatos y las autoridades educativas para poder analizar qu\u00e9 alternativas podr\u00edan ser las mejores, recalc\u00f3 que ser\u00eda muy prematuro regresa a clases presenciales en el mes de abril, contrario a las escuelas particulares ya que estas est\u00e1n perdiendo ingresos y a ellos les interesa que ya se abran las escuelas.<\/p>\n","protected":false},"excerpt":{"rendered":"<p>Dar\u00edo Pale Xalapa, Ver.- El Secretario General del Sindicato Magisterial Veracruzano (SMV), Ram\u00f3n Dom\u00ednguez Polo dio a conocer que ser\u00eda muy prematuro que se regresen a clases ya que los docentes de m\u00e1s de 60 a\u00f1os los vacunaron pero a los dem\u00e1s no y ser\u00eda bueno que tambi\u00e9n se le aplicar\u00e1 a los alumnos ya [&hellip;]<\/p>\n","protected":false},"author":1,"featured_media":12394,"comment_status":"open","ping_status":"open","sticky":false,"template":"","format":"standard","meta":{"_jetpack_memberships_contains_paid_content":false,"footnotes":""},"categories":[2],"tags":[],"class_list":["post-12395","post","type-post","status-publish","format-standard","has-post-thumbnail","hentry","category-estado"],"jetpack_featured_media_url":"https:\/\/encuentroinformativo.com.mx\/wp-content\/uploads\/2021\/03\/0FDB20B1-7062-4449-B301-872C06677096.jpeg","jetpack_sharing_enabled":true,"jetpack_likes_enabled":true,"amp_enabled":true,"_links":{"self":[{"href":"https:\/\/encuentroinformativo.com.mx\/index.php?rest_route=\/wp\/v2\/posts\/12395","targetHints":{"allow":["GET"]}}],"collection":[{"href":"https:\/\/encuentroinformativo.com.mx\/index.php?rest_route=\/wp\/v2\/posts"}],"about":[{"href":"https:\/\/encuentroinformativo.com.mx\/index.php?rest_route=\/wp\/v2\/types\/post"}],"author":[{"embeddable":true,"href":"https:\/\/encuentroinformativo.com.mx\/index.php?rest_route=\/wp\/v2\/users\/1"}],"replies":[{"embeddable":true,"href":"https:\/\/encuentroinformativo.com.mx\/index.php?rest_route=%2Fwp%2Fv2%2Fcomments&post=12395"}],"version-history":[{"count":1,"href":"https:\/\/encuentroinformativo.com.mx\/index.php?rest_route=\/wp\/v2\/posts\/12395\/revisions"}],"predecessor-version":[{"id":12396,"href":"https:\/\/encuentroinformativo.com.mx\/index.php?rest_route=\/wp\/v2\/posts\/12395\/revisions\/12396"}],"wp:featuredmedia":[{"embeddable":true,"href":"https:\/\/encuentroinformativo.com.mx\/index.php?rest_route=\/wp\/v2\/media\/12394"}],"wp:attachment":[{"href":"https:\/\/encuentroinformativo.com.mx\/index.php?rest_route=%2Fwp%2Fv2%2Fmedia&parent=12395"}],"wp:term":[{"taxonomy":"category","embeddable":true,"href":"https:\/\/encuentroinformativo.com.mx\/index.php?rest_route=%2Fwp%2Fv2%2Fcategories&post=12395"},{"taxonomy":"post_tag","embeddable":true,"href":"https:\/\/encuentroinformativo.com.mx\/index.php?rest_route=%2Fwp%2Fv2%2Ftags&post=12395"}],"curies":[{"name":"wp","href":"https:\/\/api.w.org\/{rel}","templated":true}]}}