{"id":12397,"date":"2021-03-27T15:02:32","date_gmt":"2021-03-27T21:02:32","guid":{"rendered":"https:\/\/encuentroinformativo.com.mx\/?p=12397"},"modified":"2021-03-27T15:02:35","modified_gmt":"2021-03-27T21:02:35","slug":"desconoce-sedecop-cuantas-empresas-han-cerrado-por-pandemia","status":"publish","type":"post","link":"https:\/\/encuentroinformativo.com.mx\/?p=12397","title":{"rendered":"Desconoce SEDECOP cu\u00e1ntas empresas han cerrado por pandemia"},"content":{"rendered":"\n<p><strong>Dar\u00edo Pale <\/strong><\/p>\n\n\n\n<p>Xalapa, Ver.- Hasta esta fecha no hay cifras exactas del cierre de empresas debido a la pandemia en Veracruz as\u00ed lo dio a conocer el titular de la Secretar\u00eda de Desarrollo Econ\u00f3mico y Portuario (SEDECOP), Enrique Nach\u00f3n Aguirre.<\/p>\n\n\n\n<p>Entrevistado en las afueras del cuartel &#8220;San Jos\u00e9&#8221; aclar\u00f3 que cualquier cifra que se asegure el cierre de empresas es inexacta, pues ninguna instituci\u00f3n maneja por ahora datos precisos en los registros del cierre de negocios.<\/p>\n\n\n\n<p>\u201cEn el estado de Veracruz tenemos alrededor de 300 mil unidades econ\u00f3micas, hablaban de una cifra fuera de proporci\u00f3n de empresas que se hab\u00edan cerrado, yo creo que la cifra que escuchamos fue a nivel nacional, no hay ning\u00fan reporte ni ninguna instituci\u00f3n ni ninguna dependencia que lleve un registro de las empresas que van cerrando; sin embargo todos lo sentimos, lo vivimos y necesitamos apoyarnos\u201d, se\u00f1al\u00f3.<\/p>\n\n\n\n<p>Lo anterior se debe a una declaraci\u00f3n que dio una c\u00e1mara empresarial donde dio a conocer una cifra reportada de las empresas que hasta el momento hab\u00edan bajado sus cortinas debido a la anemia de COVID-19.<\/p>\n\n\n\n<p>Por \u00faltimo sobre el cambio de sem\u00e1foro de amarillo a verde en Veracruz, el titular de la SEDECOP enfatiz\u00f3 que deben cuidarse los protocolos sanitarios para mantener una \u201csana econom\u00eda\u201d y record\u00f3 que las actividades econ\u00f3micas se reactivar\u00e1n de acuerdo al sem\u00e1foro regional en cada municipio.<\/p>\n","protected":false},"excerpt":{"rendered":"<p>Dar\u00edo Pale Xalapa, Ver.- Hasta esta fecha no hay cifras exactas del cierre de empresas debido a la pandemia en Veracruz as\u00ed lo dio a conocer el titular de la Secretar\u00eda de Desarrollo Econ\u00f3mico y Portuario (SEDECOP), Enrique Nach\u00f3n Aguirre. Entrevistado en las afueras del cuartel &#8220;San Jos\u00e9&#8221; aclar\u00f3 que cualquier cifra que se asegure [&hellip;]<\/p>\n","protected":false},"author":1,"featured_media":12398,"comment_status":"open","ping_status":"open","sticky":false,"template":"","format":"standard","meta":{"_jetpack_memberships_contains_paid_content":false,"footnotes":""},"categories":[2],"tags":[],"class_list":["post-12397","post","type-post","status-publish","format-standard","has-post-thumbnail","hentry","category-estado"],"jetpack_featured_media_url":"https:\/\/encuentroinformativo.com.mx\/wp-content\/uploads\/2021\/03\/03E9F7BB-7277-4B8F-884C-D86E7DA2AD89.jpeg","jetpack_sharing_enabled":true,"jetpack_likes_enabled":true,"amp_enabled":true,"_links":{"self":[{"href":"https:\/\/encuentroinformativo.com.mx\/index.php?rest_route=\/wp\/v2\/posts\/12397","targetHints":{"allow":["GET"]}}],"collection":[{"href":"https:\/\/encuentroinformativo.com.mx\/index.php?rest_route=\/wp\/v2\/posts"}],"about":[{"href":"https:\/\/encuentroinformativo.com.mx\/index.php?rest_route=\/wp\/v2\/types\/post"}],"author":[{"embeddable":true,"href":"https:\/\/encuentroinformativo.com.mx\/index.php?rest_route=\/wp\/v2\/users\/1"}],"replies":[{"embeddable":true,"href":"https:\/\/encuentroinformativo.com.mx\/index.php?rest_route=%2Fwp%2Fv2%2Fcomments&post=12397"}],"version-history":[{"count":1,"href":"https:\/\/encuentroinformativo.com.mx\/index.php?rest_route=\/wp\/v2\/posts\/12397\/revisions"}],"predecessor-version":[{"id":12399,"href":"https:\/\/encuentroinformativo.com.mx\/index.php?rest_route=\/wp\/v2\/posts\/12397\/revisions\/12399"}],"wp:featuredmedia":[{"embeddable":true,"href":"https:\/\/encuentroinformativo.com.mx\/index.php?rest_route=\/wp\/v2\/media\/12398"}],"wp:attachment":[{"href":"https:\/\/encuentroinformativo.com.mx\/index.php?rest_route=%2Fwp%2Fv2%2Fmedia&parent=12397"}],"wp:term":[{"taxonomy":"category","embeddable":true,"href":"https:\/\/encuentroinformativo.com.mx\/index.php?rest_route=%2Fwp%2Fv2%2Fcategories&post=12397"},{"taxonomy":"post_tag","embeddable":true,"href":"https:\/\/encuentroinformativo.com.mx\/index.php?rest_route=%2Fwp%2Fv2%2Ftags&post=12397"}],"curies":[{"name":"wp","href":"https:\/\/api.w.org\/{rel}","templated":true}]}}