{"id":12403,"date":"2021-03-28T15:18:06","date_gmt":"2021-03-28T21:18:06","guid":{"rendered":"https:\/\/encuentroinformativo.com.mx\/?p=12403"},"modified":"2021-03-28T15:18:11","modified_gmt":"2021-03-28T21:18:11","slug":"en-memoria-de-desaparecidos-siembran-50-arboles-en-xalapa","status":"publish","type":"post","link":"https:\/\/encuentroinformativo.com.mx\/?p=12403","title":{"rendered":"En memoria de desaparecidos, siembran 50 \u00e1rboles en Xalapa"},"content":{"rendered":"\n<p><strong>Juan Arcos <\/strong><\/p>\n\n\n\n<p>Xalapa, Ver.- M\u00e1s de 50 \u00e1rboles han sido sembrados en Xalapa, en memoria de personas desaparecidas y asesinadas, como parte del proyecto social \u201cToda vida vale\u201d, fundado por Alma Cecilia Carmona Ortega.<\/p>\n\n\n\n<p>La joven particip\u00f3 en la cuarta jornada de reforestaci\u00f3n en el parque Don Roberto, ubicado a un constado del fraccionamiento Las Fuentes, en la zona del bulevar Rafael Gu\u00edzar y Valencia, mejor conocido como Arco Sur.<\/p>\n\n\n\n<p>La entrevistada mencion\u00f3 que en pr\u00f3ximos d\u00edas se dialogar\u00e1 con autoridades del municipio de La Antigua, para replicar dichas acciones en alg\u00fan parque o \u00e1rea verde de ciudad Cardel.<\/p>\n\n\n\n<p>A esta iniciativa se sumar\u00e1n tres colectivos de familiares de desaparecidos, entre ellos el Colectivo Solecito del Puerto de Veracruz y otros de Cempoala y Cardel.<\/p>\n\n\n\n<p>\u201cVamos a hablar con el alcalde de La Antigua para que se nos indiquen los lugares donde vamos a estar reforestando all\u00e1, con tres colectivos, que es el Solecito, son tres: de Cempoala, puerto de Veracruz y Cardel\u201d.<\/p>\n\n\n\n<p>Record\u00f3 que ya han sido plantados \u00e1rboles en el bosque de la antigua Estaci\u00f3n Ferrocarrilera, as\u00ed como tambi\u00e9n, dos \u00e1reas del cerro de Macuilt\u00e9petl y en el bosque Don Roberto.<\/p>\n\n\n\n<p>\u201cAhorita estamos en el bloque de Don Roberto con el colectivo LGBTI, por los cr\u00edmenes de odio. Es la cuarta jornada de reforestaci\u00f3n en memoria de los desaparecidos y asesinados, llevamos como 50 arbolitos sembrados\u201d.\u00a0<\/p>\n\n\n\n<p>Adem\u00e1s, mencion\u00f3 que se busca replicar la iniciativa en otros municipios y en otros estados de la Rep\u00fablica Mexicana, para que cesen las desapariciones forzadas y los asesinatos.<\/p>\n\n\n\n<p>\u201cNuestra meta es dejar de plantar por personas desaparecidas o v\u00edctimas de la violencia; sin embargo, lo que sea necesario reforestar, no hay l\u00edmite, tenemos visi\u00f3n de hacerlo a nivel nacional y tenemos que continuar con los trabajos. Adem\u00e1s, desapariciones hay todos los d\u00edas, todos los d\u00edas hay muertos, homicidios, feminicidios, cr\u00edmenes de odio y es indispensable visibilizar esta situaci\u00f3n\u201d, concluy\u00f3.<\/p>\n","protected":false},"excerpt":{"rendered":"<p>Juan Arcos Xalapa, Ver.- M\u00e1s de 50 \u00e1rboles han sido sembrados en Xalapa, en memoria de personas desaparecidas y asesinadas, como parte del proyecto social \u201cToda vida vale\u201d, fundado por Alma Cecilia Carmona Ortega. La joven particip\u00f3 en la cuarta jornada de reforestaci\u00f3n en el parque Don Roberto, ubicado a un constado del fraccionamiento Las [&hellip;]<\/p>\n","protected":false},"author":1,"featured_media":12404,"comment_status":"open","ping_status":"open","sticky":false,"template":"","format":"standard","meta":{"_jetpack_memberships_contains_paid_content":false,"footnotes":""},"categories":[3],"tags":[],"class_list":["post-12403","post","type-post","status-publish","format-standard","has-post-thumbnail","hentry","category-xalapa"],"jetpack_featured_media_url":"https:\/\/encuentroinformativo.com.mx\/wp-content\/uploads\/2021\/03\/86AA995F-E83B-41AD-9FB9-DD63E06223C4.jpeg","jetpack_sharing_enabled":true,"jetpack_likes_enabled":true,"amp_enabled":true,"_links":{"self":[{"href":"https:\/\/encuentroinformativo.com.mx\/index.php?rest_route=\/wp\/v2\/posts\/12403","targetHints":{"allow":["GET"]}}],"collection":[{"href":"https:\/\/encuentroinformativo.com.mx\/index.php?rest_route=\/wp\/v2\/posts"}],"about":[{"href":"https:\/\/encuentroinformativo.com.mx\/index.php?rest_route=\/wp\/v2\/types\/post"}],"author":[{"embeddable":true,"href":"https:\/\/encuentroinformativo.com.mx\/index.php?rest_route=\/wp\/v2\/users\/1"}],"replies":[{"embeddable":true,"href":"https:\/\/encuentroinformativo.com.mx\/index.php?rest_route=%2Fwp%2Fv2%2Fcomments&post=12403"}],"version-history":[{"count":1,"href":"https:\/\/encuentroinformativo.com.mx\/index.php?rest_route=\/wp\/v2\/posts\/12403\/revisions"}],"predecessor-version":[{"id":12405,"href":"https:\/\/encuentroinformativo.com.mx\/index.php?rest_route=\/wp\/v2\/posts\/12403\/revisions\/12405"}],"wp:featuredmedia":[{"embeddable":true,"href":"https:\/\/encuentroinformativo.com.mx\/index.php?rest_route=\/wp\/v2\/media\/12404"}],"wp:attachment":[{"href":"https:\/\/encuentroinformativo.com.mx\/index.php?rest_route=%2Fwp%2Fv2%2Fmedia&parent=12403"}],"wp:term":[{"taxonomy":"category","embeddable":true,"href":"https:\/\/encuentroinformativo.com.mx\/index.php?rest_route=%2Fwp%2Fv2%2Fcategories&post=12403"},{"taxonomy":"post_tag","embeddable":true,"href":"https:\/\/encuentroinformativo.com.mx\/index.php?rest_route=%2Fwp%2Fv2%2Ftags&post=12403"}],"curies":[{"name":"wp","href":"https:\/\/api.w.org\/{rel}","templated":true}]}}