{"id":12412,"date":"2021-03-28T17:24:25","date_gmt":"2021-03-28T23:24:25","guid":{"rendered":"https:\/\/encuentroinformativo.com.mx\/?p=12412"},"modified":"2021-03-28T17:24:29","modified_gmt":"2021-03-28T23:24:29","slug":"feligreses-abarrotaron-iglesias-por-domingo-de-ramos","status":"publish","type":"post","link":"https:\/\/encuentroinformativo.com.mx\/?p=12412","title":{"rendered":"Feligreses abarrotaron Iglesias por Domingo de Ramos"},"content":{"rendered":"\n<p><strong>Juan Arcos <\/strong><\/p>\n\n\n\n<p>Xalapa, Ver.- Cientos de feligreses abarrotaron la Catedral de Xalapa para que el arzobispo Hip\u00f3lito Reyes Larios bendijera sus palmas durante la celebraci\u00f3n del Domingo de Ramos, como parte del inicio de esta Semana Santa.<\/p>\n\n\n\n<p>El vocero de la Arquidi\u00f3cesis de Xalapa, Jos\u00e9 Manuel Reyes Suazo, hab\u00eda informado el jueves pasado que en los templos solo se permitir\u00eda un aforo del 30 por ciento para evitar aglomeraciones.<\/p>\n\n\n\n<p>Sin embargo, a la gente no import\u00f3 la pandemia del SARS-COV-2 (COVID-19) y se amonton\u00f3 en el acceso principal de la parroquia, en las escalinatas que colindan con Plaza Sebasti\u00e1n Lerdo de Tejada, frente a Palacio de Gobierno.<\/p>\n\n\n\n<p>Decenas de personas se quedaron afuera del templo, al ver que no hab\u00eda posibilidad de entrar por la elevada concentraci\u00f3n de personas en la puerta.<\/p>\n\n\n\n<p>Algunas personas decidieron sentarse sobre las escalinatas de la Catedral, sintonizaron la radio y escucharon la ceremonia del Arzobispo de Xalapa.<\/p>\n\n\n\n<p>Para la Iglesia Cat\u00f3lica, el Domingo de Ramos representa la entrada triunfal de Jes\u00fas de Nazareth a la ciudad de Jerusal\u00e9n, donde fue recibido como en Mes\u00edas e hijo de Dios por una gran multitud de personas.<\/p>\n\n\n\n<p>En el exterior, como es tradici\u00f3n, se observ\u00f3 a varios comerciantes de palmas y recuerdos religiosos en forma de crucifijo. Algunos artesanos elaboraban los ramos en el lugar para su comercializaci\u00f3n.<\/p>\n\n\n\n<p>Cabe recordar que a partir de este lunes 29 de marzo, la entidad veracruzana pasar\u00e1 del sem\u00e1foro epidemiol\u00f3gico amarillo al verde, de riesgo bajo de contagio.<\/p>\n\n\n\n<p>Sin embargo, contin\u00faan registr\u00e1ndose casos positivos y defunciones por coronavirus. Hasta el momento, se contabilizan 57 mil 545 contagios acumulados, 8 mil 703 fallecimientos y 11 mil 4 casos en investigaci\u00f3n.<\/p>\n","protected":false},"excerpt":{"rendered":"<p>Juan Arcos Xalapa, Ver.- Cientos de feligreses abarrotaron la Catedral de Xalapa para que el arzobispo Hip\u00f3lito Reyes Larios bendijera sus palmas durante la celebraci\u00f3n del Domingo de Ramos, como parte del inicio de esta Semana Santa. El vocero de la Arquidi\u00f3cesis de Xalapa, Jos\u00e9 Manuel Reyes Suazo, hab\u00eda informado el jueves pasado que en [&hellip;]<\/p>\n","protected":false},"author":1,"featured_media":12413,"comment_status":"open","ping_status":"open","sticky":false,"template":"","format":"standard","meta":{"_jetpack_memberships_contains_paid_content":false,"footnotes":""},"categories":[3],"tags":[],"class_list":["post-12412","post","type-post","status-publish","format-standard","has-post-thumbnail","hentry","category-xalapa"],"jetpack_featured_media_url":"https:\/\/encuentroinformativo.com.mx\/wp-content\/uploads\/2021\/03\/6766E970-5FE1-4F82-ADAD-BB08D035AF02.jpeg","jetpack_sharing_enabled":true,"jetpack_likes_enabled":true,"amp_enabled":true,"_links":{"self":[{"href":"https:\/\/encuentroinformativo.com.mx\/index.php?rest_route=\/wp\/v2\/posts\/12412","targetHints":{"allow":["GET"]}}],"collection":[{"href":"https:\/\/encuentroinformativo.com.mx\/index.php?rest_route=\/wp\/v2\/posts"}],"about":[{"href":"https:\/\/encuentroinformativo.com.mx\/index.php?rest_route=\/wp\/v2\/types\/post"}],"author":[{"embeddable":true,"href":"https:\/\/encuentroinformativo.com.mx\/index.php?rest_route=\/wp\/v2\/users\/1"}],"replies":[{"embeddable":true,"href":"https:\/\/encuentroinformativo.com.mx\/index.php?rest_route=%2Fwp%2Fv2%2Fcomments&post=12412"}],"version-history":[{"count":1,"href":"https:\/\/encuentroinformativo.com.mx\/index.php?rest_route=\/wp\/v2\/posts\/12412\/revisions"}],"predecessor-version":[{"id":12414,"href":"https:\/\/encuentroinformativo.com.mx\/index.php?rest_route=\/wp\/v2\/posts\/12412\/revisions\/12414"}],"wp:featuredmedia":[{"embeddable":true,"href":"https:\/\/encuentroinformativo.com.mx\/index.php?rest_route=\/wp\/v2\/media\/12413"}],"wp:attachment":[{"href":"https:\/\/encuentroinformativo.com.mx\/index.php?rest_route=%2Fwp%2Fv2%2Fmedia&parent=12412"}],"wp:term":[{"taxonomy":"category","embeddable":true,"href":"https:\/\/encuentroinformativo.com.mx\/index.php?rest_route=%2Fwp%2Fv2%2Fcategories&post=12412"},{"taxonomy":"post_tag","embeddable":true,"href":"https:\/\/encuentroinformativo.com.mx\/index.php?rest_route=%2Fwp%2Fv2%2Ftags&post=12412"}],"curies":[{"name":"wp","href":"https:\/\/api.w.org\/{rel}","templated":true}]}}