{"id":12418,"date":"2021-03-29T09:34:15","date_gmt":"2021-03-29T15:34:15","guid":{"rendered":"https:\/\/encuentroinformativo.com.mx\/?p=12418"},"modified":"2021-03-29T09:34:47","modified_gmt":"2021-03-29T15:34:47","slug":"reeleccion-de-morenos","status":"publish","type":"post","link":"https:\/\/encuentroinformativo.com.mx\/?p=12418","title":{"rendered":"\u00bfReelecci\u00f3n de Morenos?"},"content":{"rendered":"\n<p><strong>Los Pol\u00edticos<\/strong><\/p>\n\n\n\n<p><strong>Salvador Mu\u00f1oz<\/strong><\/p>\n\n\n\n<p>Me queda claro que en un universo de 500 diputados, sobresalir es sumamente complicado, pero Mariana Dunyaska Garc\u00eda Rojas bien puede echar por los suelos esta tesis\u2026 no s\u00f3lo figura en San L\u00e1zaro, sino fuera de \u00e9l. Vamos, de un modo u otro, los votos que la llevaron al Congreso de la Uni\u00f3n los desquit\u00f3 con iniciativas, puntos de acuerdo, participaci\u00f3n activa y pases a Tribuna. S\u00ed, pareciera que Acci\u00f3n Nacional tuviera mucho peso con su bancada jarocha, pero lamentablemente los otros dos uninominales ni quien se acuerde de ellos\u2026 bueno, todav\u00eda \u201cRicky\u201d, como \u00e9l se pone, Garc\u00eda Escalante se oye m\u00e1s y eso porque va a competir por la alcald\u00eda de P\u00e1nuco\u2026 y del hermano del Chapito Guzm\u00e1n Avil\u00e9s, \u00a1ni sus luces!<\/p>\n\n\n\n<p>En el caso del PRI, que en lo que respecta a Veracruz tiene cuatro pluris, sin pena ni gloria transcurren Juan Ortiz Guarneros y Manuel Lim\u00f3n Hern\u00e1ndez. Caso contrario ocurr\u00eda con Anil\u00fa Ingram Vallines y H\u00e9ctor Yunes Landa, cada uno con su propio estilo de legislar pero vaya que hacen ruido, sea con iniciativas, posiciones y hasta tuitazos.<\/p>\n\n\n\n<p>Los diputados federales por Morena se cuecen aparte\u2026<\/p>\n\n\n\n<p><strong>II<\/strong><\/p>\n\n\n\n<p>Con 17 curules uninominales y ocho pluris, la mayor\u00eda de estos legisladores f\u00e1cilmente caen en el debut y despedida ante su ins\u00edpida labor en San L\u00e1zaro, donde no se vieron iniciativas, tampoco puntos de acuerdo y mucho menos, participaciones en Tribuna\u2026 \u00a1para qu\u00e9! La aplanadora s\u00f3lo requer\u00eda dos acciones a ejecutar en su estancia legislativa: calentar la curul y levantar el dedo\u2026 \u00a1as\u00ed de sencillo!<\/p>\n\n\n\n<p>S\u00ed, estamos de acuerdo\u2026 no todos caen en este escenario, pero sin temor a equivocarme, la mayor\u00eda s\u00ed. Advierto, tanto en el PAN, PRI y Morena, como Movimiento Ciudadano y PRD, es una mera cuesti\u00f3n de percepci\u00f3n.<\/p>\n\n\n\n<p>Por cierto, en el caso de Dulce Mar\u00eda M\u00e9ndez de la Luz (MC), de repente se apag\u00f3\u2026 y por el lado de Norma Azucena Rodr\u00edguez (PRD), ni idea de su labor.<\/p>\n\n\n\n<p><strong>III<\/strong><\/p>\n\n\n\n<p>Seguimos con Morena\u2026<\/p>\n\n\n\n<p>El s\u00e1bado pasado circul\u00f3 una lista de los candidatos a diputados de Morena que en m\u00e1s de un militante y muchos ciudadanos gener\u00f3 malestar, porque muchos de los citados est\u00e1n apostando \u00a1a la reelecci\u00f3n!<\/p>\n\n\n\n<p>Los signos de exclamaci\u00f3n al final del p\u00e1rrafo anterior obedecen por algunos casos que bien pudieran ser catalogados como c\u00ednicos o poca verg\u00fcenza porque \u00a1qu\u00e9 chingaos hicieron en estos casi tres a\u00f1os para querer reelegirse! \u00a1Ah, ya me acord\u00e9!, calentar la curul y levantar el dedo.<\/p>\n\n\n\n<p><strong>IV<\/strong><\/p>\n\n\n\n<p>As\u00ed las cosas, \u00bfRafael Hern\u00e1ndez Villalpando, en serio busca la reelecci\u00f3n? \u00bfY con qu\u00e9 cara va a presentarse ante los xalape\u00f1os? \u00bfO Claudia Tello? \u00a1Cu\u00e1nto extra\u00f1amos a Daniela Griego! Qu\u00e9 distinto con la vecina Carmen Mora Garc\u00eda, diputada federal por Coatepec, quien va a sopesar su trabajo de gestor\u00eda contra el apellido Yunes. \u00bfO qu\u00e9 decir de Carmen Medel Palma, a quien dejaron fuera, quiz\u00e1s por levantar la voz y acudir al muro de AMLO, pero del lado de las mujeres y madres de desaparecidas asesinadas y violentadas.<\/p>\n\n\n\n<p>Si las elecciones realmente fueran por el trabajo de cada quien, es seguro que muchos de estos actuales diputados morenos que buscar\u00e1n la reelecci\u00f3n, desde este momento, quedar\u00edan fuera, descartados, en la lona\u2026 pero nuestra democracia no trabaja as\u00ed\u2026 muchos, del partido que sea, tienen la oportunidad de seguir calentando la curul, de seguir levantando el dedo\u2026 con chance de seguir en su papel de tres a\u00f1os m\u00e1s como simples culiparlantes\u2026 \u00bfpues en qu\u00e9 est\u00e1 pensando Morena?<\/p>\n\n\n\n<p><a>smcainito@gmail.com<\/a><\/p>\n","protected":false},"excerpt":{"rendered":"<p>Los Pol\u00edticos Salvador Mu\u00f1oz Me queda claro que en un universo de 500 diputados, sobresalir es sumamente complicado, pero Mariana Dunyaska Garc\u00eda Rojas bien puede echar por los suelos esta tesis\u2026 no s\u00f3lo figura en San L\u00e1zaro, sino fuera de \u00e9l. Vamos, de un modo u otro, los votos que la llevaron al Congreso de [&hellip;]<\/p>\n","protected":false},"author":1,"featured_media":70,"comment_status":"open","ping_status":"open","sticky":false,"template":"","format":"standard","meta":{"_jetpack_memberships_contains_paid_content":false,"footnotes":""},"categories":[11],"tags":[],"class_list":["post-12418","post","type-post","status-publish","format-standard","has-post-thumbnail","hentry","category-opinion"],"jetpack_featured_media_url":"https:\/\/encuentroinformativo.com.mx\/wp-content\/uploads\/2020\/02\/opinion-invitado.jpg","jetpack_sharing_enabled":true,"jetpack_likes_enabled":true,"amp_enabled":true,"_links":{"self":[{"href":"https:\/\/encuentroinformativo.com.mx\/index.php?rest_route=\/wp\/v2\/posts\/12418","targetHints":{"allow":["GET"]}}],"collection":[{"href":"https:\/\/encuentroinformativo.com.mx\/index.php?rest_route=\/wp\/v2\/posts"}],"about":[{"href":"https:\/\/encuentroinformativo.com.mx\/index.php?rest_route=\/wp\/v2\/types\/post"}],"author":[{"embeddable":true,"href":"https:\/\/encuentroinformativo.com.mx\/index.php?rest_route=\/wp\/v2\/users\/1"}],"replies":[{"embeddable":true,"href":"https:\/\/encuentroinformativo.com.mx\/index.php?rest_route=%2Fwp%2Fv2%2Fcomments&post=12418"}],"version-history":[{"count":1,"href":"https:\/\/encuentroinformativo.com.mx\/index.php?rest_route=\/wp\/v2\/posts\/12418\/revisions"}],"predecessor-version":[{"id":12419,"href":"https:\/\/encuentroinformativo.com.mx\/index.php?rest_route=\/wp\/v2\/posts\/12418\/revisions\/12419"}],"wp:featuredmedia":[{"embeddable":true,"href":"https:\/\/encuentroinformativo.com.mx\/index.php?rest_route=\/wp\/v2\/media\/70"}],"wp:attachment":[{"href":"https:\/\/encuentroinformativo.com.mx\/index.php?rest_route=%2Fwp%2Fv2%2Fmedia&parent=12418"}],"wp:term":[{"taxonomy":"category","embeddable":true,"href":"https:\/\/encuentroinformativo.com.mx\/index.php?rest_route=%2Fwp%2Fv2%2Fcategories&post=12418"},{"taxonomy":"post_tag","embeddable":true,"href":"https:\/\/encuentroinformativo.com.mx\/index.php?rest_route=%2Fwp%2Fv2%2Ftags&post=12418"}],"curies":[{"name":"wp","href":"https:\/\/api.w.org\/{rel}","templated":true}]}}