{"id":12429,"date":"2021-03-29T12:45:56","date_gmt":"2021-03-29T18:45:56","guid":{"rendered":"https:\/\/encuentroinformativo.com.mx\/?p=12429"},"modified":"2021-03-29T12:46:00","modified_gmt":"2021-03-29T18:46:00","slug":"normalistas-afectados-por-fallas-en-plataforma-digital","status":"publish","type":"post","link":"https:\/\/encuentroinformativo.com.mx\/?p=12429","title":{"rendered":"Normalistas afectados por fallas en plataforma digital"},"content":{"rendered":"\n<p><strong>Juan Arcos\/Dar\u00edo Pale <\/strong><\/p>\n\n\n\n<p>Xalapa, Ver.- Un grupo de normalistas protest\u00f3 frente a Palacio de Gobierno para denunciar fallas en la plataforma digital de la Unidad del Sistema para la Carrera de Maestros y Maestras (USICAMM), mismas que han afectado a cientos de egresados en la entidad.<\/p>\n\n\n\n<p>Los quejosos se\u00f1alaron que no han podido ingresar su documentaci\u00f3n, en busca de una plaza docente, para poder laborar.<\/p>\n\n\n\n<p>De acuerdo con Alejandro Rinc\u00f3n L\u00f3pez, egresado de la Escuela Normal Superior Veracruzana \u201cManuel Su\u00e1rez Trujillo\u201d, este problema ha ocasionado que baje de manera considerable el n\u00famero de aspirantes a un puesto de trabajo.<\/p>\n\n\n\n<p>\u201cNos daban 15 minutos para subir la documentaci\u00f3n, muchos documentos. Si la plataforma fallaba ya no pod\u00edamos subir nada. Nuestro porcentaje se redujo considerablemente y de esta manera casi nos dejan fuera de servicio\u201d.<\/p>\n\n\n\n<p>Los quejosos mencionaron que no est\u00e1n exigiendo una plaza \u201cregalada\u201d; sin embargo, piden la validaci\u00f3n de los documentos para poder competir por un espacio.<\/p>\n\n\n\n<p>\u201cSomos una representaci\u00f3n de todos los que est\u00e1n en la misma situaci\u00f3n, nos queremos dirigir al gobierno del estado, para que nos hagan caso, que intervengan por nosotros\u201d.<\/p>\n\n\n\n<p>Comentaron que han solicitado apoyo a la Secretar\u00eda de Educaci\u00f3n de Veracruz (SEV), pero hasta el momento no han obtenido una respuesta favorable, motivo por el cual decidieron manifestarse este lunes 29 de marzo.<\/p>\n\n\n\n<p>\u201cYa hablamos, ya metimos oficios y nada, como si no existi\u00e9ramos, esta es la \u00fanica forma para que nos hagan caso\u201d.<\/p>\n\n\n\n<p>Una comisi\u00f3n de normalistas fue atendida por personal de la Direcci\u00f3n General de Pol\u00edtica Regional, para canalizarlos con las \u00e1reas correspondientes y dar seguimiento a sus solicitudes.<\/p>\n\n\n\n<p>Los inconformes se manifestaron este lunes en la plaza Lerdo, y aunque la plataforma es administrada por la Secretaria de Educaci\u00f3n a nivel federal, pidieron a las autoridades estatales para que se ampl\u00ede el plazo para el acceso a plazas y promoci\u00f3n\u00a0 horizontal y vertical.<\/p>\n\n\n\n<figure class=\"wp-block-image size-large\"><img loading=\"lazy\" decoding=\"async\" width=\"1024\" height=\"768\" src=\"https:\/\/encuentroinformativo.com.mx\/wp-content\/uploads\/2021\/03\/E9501B2F-E098-443A-BD27-AA4266900559-1024x768.jpeg\" alt=\"\" class=\"wp-image-12431\" srcset=\"https:\/\/encuentroinformativo.com.mx\/wp-content\/uploads\/2021\/03\/E9501B2F-E098-443A-BD27-AA4266900559-1024x768.jpeg 1024w, https:\/\/encuentroinformativo.com.mx\/wp-content\/uploads\/2021\/03\/E9501B2F-E098-443A-BD27-AA4266900559-300x225.jpeg 300w, https:\/\/encuentroinformativo.com.mx\/wp-content\/uploads\/2021\/03\/E9501B2F-E098-443A-BD27-AA4266900559-768x576.jpeg 768w, https:\/\/encuentroinformativo.com.mx\/wp-content\/uploads\/2021\/03\/E9501B2F-E098-443A-BD27-AA4266900559-1536x1152.jpeg 1536w, https:\/\/encuentroinformativo.com.mx\/wp-content\/uploads\/2021\/03\/E9501B2F-E098-443A-BD27-AA4266900559.jpeg 1600w\" sizes=\"auto, (max-width: 1024px) 100vw, 1024px\" \/><\/figure>\n","protected":false},"excerpt":{"rendered":"<p>Juan Arcos\/Dar\u00edo Pale Xalapa, Ver.- Un grupo de normalistas protest\u00f3 frente a Palacio de Gobierno para denunciar fallas en la plataforma digital de la Unidad del Sistema para la Carrera de Maestros y Maestras (USICAMM), mismas que han afectado a cientos de egresados en la entidad. Los quejosos se\u00f1alaron que no han podido ingresar su [&hellip;]<\/p>\n","protected":false},"author":1,"featured_media":12430,"comment_status":"open","ping_status":"open","sticky":false,"template":"","format":"standard","meta":{"_jetpack_memberships_contains_paid_content":false,"footnotes":""},"categories":[3],"tags":[],"class_list":["post-12429","post","type-post","status-publish","format-standard","has-post-thumbnail","hentry","category-xalapa"],"jetpack_featured_media_url":"https:\/\/encuentroinformativo.com.mx\/wp-content\/uploads\/2021\/03\/47BF4F15-E3F0-43CE-8B35-E84C6248D0B2.jpeg","jetpack_sharing_enabled":true,"jetpack_likes_enabled":true,"amp_enabled":true,"_links":{"self":[{"href":"https:\/\/encuentroinformativo.com.mx\/index.php?rest_route=\/wp\/v2\/posts\/12429","targetHints":{"allow":["GET"]}}],"collection":[{"href":"https:\/\/encuentroinformativo.com.mx\/index.php?rest_route=\/wp\/v2\/posts"}],"about":[{"href":"https:\/\/encuentroinformativo.com.mx\/index.php?rest_route=\/wp\/v2\/types\/post"}],"author":[{"embeddable":true,"href":"https:\/\/encuentroinformativo.com.mx\/index.php?rest_route=\/wp\/v2\/users\/1"}],"replies":[{"embeddable":true,"href":"https:\/\/encuentroinformativo.com.mx\/index.php?rest_route=%2Fwp%2Fv2%2Fcomments&post=12429"}],"version-history":[{"count":1,"href":"https:\/\/encuentroinformativo.com.mx\/index.php?rest_route=\/wp\/v2\/posts\/12429\/revisions"}],"predecessor-version":[{"id":12432,"href":"https:\/\/encuentroinformativo.com.mx\/index.php?rest_route=\/wp\/v2\/posts\/12429\/revisions\/12432"}],"wp:featuredmedia":[{"embeddable":true,"href":"https:\/\/encuentroinformativo.com.mx\/index.php?rest_route=\/wp\/v2\/media\/12430"}],"wp:attachment":[{"href":"https:\/\/encuentroinformativo.com.mx\/index.php?rest_route=%2Fwp%2Fv2%2Fmedia&parent=12429"}],"wp:term":[{"taxonomy":"category","embeddable":true,"href":"https:\/\/encuentroinformativo.com.mx\/index.php?rest_route=%2Fwp%2Fv2%2Fcategories&post=12429"},{"taxonomy":"post_tag","embeddable":true,"href":"https:\/\/encuentroinformativo.com.mx\/index.php?rest_route=%2Fwp%2Fv2%2Ftags&post=12429"}],"curies":[{"name":"wp","href":"https:\/\/api.w.org\/{rel}","templated":true}]}}