{"id":12433,"date":"2021-03-29T12:54:07","date_gmt":"2021-03-29T18:54:07","guid":{"rendered":"https:\/\/encuentroinformativo.com.mx\/?p=12433"},"modified":"2021-03-29T12:54:10","modified_gmt":"2021-03-29T18:54:10","slug":"ecologista-universal-inicia-tradicional-viacrucis","status":"publish","type":"post","link":"https:\/\/encuentroinformativo.com.mx\/?p=12433","title":{"rendered":"Ecologista Universal inicia tradicional Viacrucis"},"content":{"rendered":"\n<p><strong>Juan Arcos<\/strong><\/p>\n\n\n\n<p>Xalapa, Ver.- El Ecologista Universal inici\u00f3 su Viacrucis n\u00famero 36 en la Catedral de Xalapa rumbo a la Central Nucleoel\u00e9ctrica de Laguna Verde, en defensa del medio ambiente en la zona costera de Actopan y Alto Lucero.<\/p>\n\n\n\n<p>Como cada a\u00f1o, el activista emprendi\u00f3 su recorrido de cinco d\u00edas, en rechazo a los proyectos de miner\u00eda a cielo abierto y a la operaci\u00f3n de la planta nuclear, mismos que han ocasionado da\u00f1os ambientales en la zona mencionada.<\/p>\n\n\n\n<p>\u201cUn a\u00f1o m\u00e1s que hacemos este Viacrucis por la vida y un no rotundo a los peligros latentes en la zona de Actopan, Alto Lucero y las partes aleda\u00f1as, que est\u00e1n en peligro permanente las 24 horas del d\u00eda por la plante nuclear\u201d.&nbsp;<\/p>\n\n\n\n<p>El ambientalista estima arribar a la localidad Palma Sola el pr\u00f3ximo viernes 2 de abril, en compa\u00f1\u00eda de los pobladores que com\u00fanmente acompa\u00f1an y se suman a la protesta.<\/p>\n\n\n\n<p>El entrevistado alz\u00f3 la voz nuevamente en contra de los llamados \u201cmegaproyectos de muerte\u201d, para pedir a las autoridades que estos sean cancelados de manera de definitiva en la entidad.<\/p>\n\n\n\n<p>\u201cLa situaci\u00f3n es m\u00e1s agresiva por el proyecto de las minas a cielo abierto, sabemos que al dar luz verde a estas empresas va a acabar con mucha vida, se va a devasta toda la zona, lo que van a desaparecer son los cerros\u201d.<\/p>\n\n\n\n<p>Nuevamente, pidi\u00f3 al gobernador Cuitl\u00e1huac Garc\u00eda Jim\u00e9nez que decrete a Veracruz como un estado libre de miner\u00eda t\u00f3xica.<\/p>\n\n\n\n<p>\u201cLas empresas buscan plata y oro, y en Actopan el cobre. La presi\u00f3n de las empresas es fuerte, es poderosa\u201d, enfatiz\u00f3.<\/p>\n","protected":false},"excerpt":{"rendered":"<p>Juan Arcos Xalapa, Ver.- El Ecologista Universal inici\u00f3 su Viacrucis n\u00famero 36 en la Catedral de Xalapa rumbo a la Central Nucleoel\u00e9ctrica de Laguna Verde, en defensa del medio ambiente en la zona costera de Actopan y Alto Lucero. Como cada a\u00f1o, el activista emprendi\u00f3 su recorrido de cinco d\u00edas, en rechazo a los proyectos [&hellip;]<\/p>\n","protected":false},"author":1,"featured_media":12434,"comment_status":"open","ping_status":"open","sticky":false,"template":"","format":"standard","meta":{"_jetpack_memberships_contains_paid_content":false,"footnotes":""},"categories":[3],"tags":[],"class_list":["post-12433","post","type-post","status-publish","format-standard","has-post-thumbnail","hentry","category-xalapa"],"jetpack_featured_media_url":"https:\/\/encuentroinformativo.com.mx\/wp-content\/uploads\/2021\/03\/5BC592EB-3E8B-436F-8E74-32A03E0D8589.jpeg","jetpack_sharing_enabled":true,"jetpack_likes_enabled":true,"amp_enabled":true,"_links":{"self":[{"href":"https:\/\/encuentroinformativo.com.mx\/index.php?rest_route=\/wp\/v2\/posts\/12433","targetHints":{"allow":["GET"]}}],"collection":[{"href":"https:\/\/encuentroinformativo.com.mx\/index.php?rest_route=\/wp\/v2\/posts"}],"about":[{"href":"https:\/\/encuentroinformativo.com.mx\/index.php?rest_route=\/wp\/v2\/types\/post"}],"author":[{"embeddable":true,"href":"https:\/\/encuentroinformativo.com.mx\/index.php?rest_route=\/wp\/v2\/users\/1"}],"replies":[{"embeddable":true,"href":"https:\/\/encuentroinformativo.com.mx\/index.php?rest_route=%2Fwp%2Fv2%2Fcomments&post=12433"}],"version-history":[{"count":1,"href":"https:\/\/encuentroinformativo.com.mx\/index.php?rest_route=\/wp\/v2\/posts\/12433\/revisions"}],"predecessor-version":[{"id":12435,"href":"https:\/\/encuentroinformativo.com.mx\/index.php?rest_route=\/wp\/v2\/posts\/12433\/revisions\/12435"}],"wp:featuredmedia":[{"embeddable":true,"href":"https:\/\/encuentroinformativo.com.mx\/index.php?rest_route=\/wp\/v2\/media\/12434"}],"wp:attachment":[{"href":"https:\/\/encuentroinformativo.com.mx\/index.php?rest_route=%2Fwp%2Fv2%2Fmedia&parent=12433"}],"wp:term":[{"taxonomy":"category","embeddable":true,"href":"https:\/\/encuentroinformativo.com.mx\/index.php?rest_route=%2Fwp%2Fv2%2Fcategories&post=12433"},{"taxonomy":"post_tag","embeddable":true,"href":"https:\/\/encuentroinformativo.com.mx\/index.php?rest_route=%2Fwp%2Fv2%2Ftags&post=12433"}],"curies":[{"name":"wp","href":"https:\/\/api.w.org\/{rel}","templated":true}]}}