{"id":12436,"date":"2021-03-29T13:17:56","date_gmt":"2021-03-29T19:17:56","guid":{"rendered":"https:\/\/encuentroinformativo.com.mx\/?p=12436"},"modified":"2021-03-29T13:18:00","modified_gmt":"2021-03-29T19:18:00","slug":"gente-pequena-pide-al-senado-reforma-a-ley-de-inclusion-a-personas-con-discapacidad","status":"publish","type":"post","link":"https:\/\/encuentroinformativo.com.mx\/?p=12436","title":{"rendered":"Gente Peque\u00f1a pide al Senado reforma a Ley de Inclusi\u00f3n a Personas con Discapacidad"},"content":{"rendered":"\n<p><strong>Dar\u00edo Pale <\/strong><\/p>\n\n\n\n<p>Xalapa, Ver.- Hacen un llamado al Senado de la Rep\u00fablica para que aprueben la iniciativa de reforma a la Ley General para la Inclusi\u00f3n de las Personas con Discapacidad, as\u00ed lo dieron a conocer los integrantes de la reci\u00e9n formada Federaci\u00f3n de Personas Peque\u00f1as en M\u00e9xico.<\/p>\n\n\n\n<p>En conferencia de prensa realizada en conocido caf\u00e9 del centro de Xalapa se\u00f1alaron que,\u00a0&#8220;estamos peleando en estos momentos para que seamos reconocidos a nivel nacional. Mi titular present\u00f3 esta iniciativa para que seamos considerados dentro de la lista&#8221;, subray\u00f3 la diputada federal suplente de Coahuila, Cinthia Monago.<\/p>\n\n\n\n<p>Lament\u00f3 que la modificaci\u00f3n este parada en el Senado de la Rep\u00fablica, no obstante agradeci\u00f3 que la iniciativa privada se les acerque para darles empleo digno,\u00a0&#8220;desgraciadamente se nos clasifica mucho como del show y las empresas no nos dan oportunidades y eso es lo que estamos buscando&#8221;.<\/p>\n\n\n\n<p>Luego de dar a conocer la firma del convenio de colaboraci\u00f3n con una empresa de telefon\u00eda celular en la que podr\u00e1n trabajar, destac\u00f3 que los chips se expender\u00e1n en diferentes estado, y de\u00a0esta manera la gente peque\u00f1a podr\u00e1 tener un ingreso fijo, sobre todo ahora que por la pandemia no hay fuentes de empleo.<\/p>\n\n\n\n<p>&#8220;La gente peque\u00f1a va a tener la oportunidad de autoempleo y sobre todo. Hoy inicia la Federaci\u00f3n en donde vamos a firmar 10 estados, vamos a trabajar de la mano&#8221;, se\u00f1al\u00f3.<\/p>\n\n\n\n<p>Finalmente la legisladora suplente coment\u00f3 que lo m\u00e1s importante es que la gente de talla peque\u00f1a vea de lo que es capaz y tenga un ingreso.<\/p>\n","protected":false},"excerpt":{"rendered":"<p>Dar\u00edo Pale Xalapa, Ver.- Hacen un llamado al Senado de la Rep\u00fablica para que aprueben la iniciativa de reforma a la Ley General para la Inclusi\u00f3n de las Personas con Discapacidad, as\u00ed lo dieron a conocer los integrantes de la reci\u00e9n formada Federaci\u00f3n de Personas Peque\u00f1as en M\u00e9xico. En conferencia de prensa realizada en conocido [&hellip;]<\/p>\n","protected":false},"author":1,"featured_media":12437,"comment_status":"open","ping_status":"open","sticky":false,"template":"","format":"standard","meta":{"_jetpack_memberships_contains_paid_content":false,"footnotes":""},"categories":[3],"tags":[],"class_list":["post-12436","post","type-post","status-publish","format-standard","has-post-thumbnail","hentry","category-xalapa"],"jetpack_featured_media_url":"https:\/\/encuentroinformativo.com.mx\/wp-content\/uploads\/2021\/03\/84F45A0D-F42D-405E-854B-350670FB6638.jpeg","jetpack_sharing_enabled":true,"jetpack_likes_enabled":true,"amp_enabled":true,"_links":{"self":[{"href":"https:\/\/encuentroinformativo.com.mx\/index.php?rest_route=\/wp\/v2\/posts\/12436","targetHints":{"allow":["GET"]}}],"collection":[{"href":"https:\/\/encuentroinformativo.com.mx\/index.php?rest_route=\/wp\/v2\/posts"}],"about":[{"href":"https:\/\/encuentroinformativo.com.mx\/index.php?rest_route=\/wp\/v2\/types\/post"}],"author":[{"embeddable":true,"href":"https:\/\/encuentroinformativo.com.mx\/index.php?rest_route=\/wp\/v2\/users\/1"}],"replies":[{"embeddable":true,"href":"https:\/\/encuentroinformativo.com.mx\/index.php?rest_route=%2Fwp%2Fv2%2Fcomments&post=12436"}],"version-history":[{"count":1,"href":"https:\/\/encuentroinformativo.com.mx\/index.php?rest_route=\/wp\/v2\/posts\/12436\/revisions"}],"predecessor-version":[{"id":12438,"href":"https:\/\/encuentroinformativo.com.mx\/index.php?rest_route=\/wp\/v2\/posts\/12436\/revisions\/12438"}],"wp:featuredmedia":[{"embeddable":true,"href":"https:\/\/encuentroinformativo.com.mx\/index.php?rest_route=\/wp\/v2\/media\/12437"}],"wp:attachment":[{"href":"https:\/\/encuentroinformativo.com.mx\/index.php?rest_route=%2Fwp%2Fv2%2Fmedia&parent=12436"}],"wp:term":[{"taxonomy":"category","embeddable":true,"href":"https:\/\/encuentroinformativo.com.mx\/index.php?rest_route=%2Fwp%2Fv2%2Fcategories&post=12436"},{"taxonomy":"post_tag","embeddable":true,"href":"https:\/\/encuentroinformativo.com.mx\/index.php?rest_route=%2Fwp%2Fv2%2Ftags&post=12436"}],"curies":[{"name":"wp","href":"https:\/\/api.w.org\/{rel}","templated":true}]}}