{"id":12442,"date":"2021-03-29T13:38:08","date_gmt":"2021-03-29T19:38:08","guid":{"rendered":"https:\/\/encuentroinformativo.com.mx\/?p=12442"},"modified":"2021-03-29T13:38:12","modified_gmt":"2021-03-29T19:38:12","slug":"acusan-a-grupo-mas-de-no-respetar-amparo-de-juez-federal","status":"publish","type":"post","link":"https:\/\/encuentroinformativo.com.mx\/?p=12442","title":{"rendered":"Acusan a Grupo MAS de no respetar amparo de Juez Federal"},"content":{"rendered":"\n<p><strong>Alejandro \u00c1vila<\/strong><\/p>\n\n\n\n<p>Veracruz, Ver.- La se\u00f1ora Norma Simonin, residente del fraccionamiento Floresta, acus\u00f3 a la empresa Grupo MAS de no respetar la orden de amparo que les dio un Juez Federal para no cortarles el suministro de agua potable, acci\u00f3n que realizaron los trabajadores de forma ilegal el pasado viernes.<\/p>\n\n\n\n<p>A finales de 2019, explica, aproximadamente 97 ciudadanos del municipio de Veracruz acudieron a denunciar la mala calidad del agua ante la Procuradur\u00eda Federal del Consumidor (PROFECO), delegaci\u00f3n Veracruz, esta dio conocimiento a la central en la Ciudad de M\u00e9xico y se hizo una denuncia colectiva que termin\u00f3 en un amparo concedido por el Juez Tercero, para que no se les cortara el agua a los demandantes.<\/p>\n\n\n\n<p>Si bien se reconoci\u00f3 que la se\u00f1ora de la tercera edad no ha pagado el servicio de agua potable desde el a\u00f1o 2020 a la fecha, tambi\u00e9n se aclar\u00f3 que por la demanda en proceso, esto es imposible, adem\u00e1s, ella tendr\u00eda que hacer el pago del servicio, una vez que la empresa privada, Grupo MAS, constate que ofrece un agua de calidad.<\/p>\n\n\n\n<p>&#8220;El Juez le dictamina, le ordena al municipio de Veracruz y de Medell\u00edn, as\u00ed como al sistema de agua, Grupo MAS, le ordena que no le quite el agua y menos que le taponee el drenaje hasta que no se defina esta situaci\u00f3n, la se\u00f1ora s\u00ed debe, pero debe porque existe primero una demanda por la mala calidad del agua, si ella quiere ir a pagar al Grupo MAS no es posible porque hay una demanda, pero Grupo MAS tiene que respetar el acuerdo, la orden que le est\u00e1 dando el Juez&#8221;, acus\u00f3 la se\u00f1ora Mar\u00eda Teresa Aguilar Bravo, l\u00edder de vecinos en fraccionamiento Floresta.<\/p>\n\n\n\n<p>Cabe aclarar que el pasado viernes 26 de marzo, personal de Grupo MAS acudi\u00f3 a la vivienda de la se\u00f1ora Norma Simonin para cortarle el servicio de agua, ella, convaleciente, sali\u00f3 y les mostr\u00f3 su amparo y con ayuda de los vecinos logr\u00f3 que se retiraran de su hogar, pero por la madrugada del s\u00e1bado, 15 trabajadores fueron al sitio para cortarle el agua, violando lo dictaminado por el Juez Federal.<\/p>\n","protected":false},"excerpt":{"rendered":"<p>Alejandro \u00c1vila Veracruz, Ver.- La se\u00f1ora Norma Simonin, residente del fraccionamiento Floresta, acus\u00f3 a la empresa Grupo MAS de no respetar la orden de amparo que les dio un Juez Federal para no cortarles el suministro de agua potable, acci\u00f3n que realizaron los trabajadores de forma ilegal el pasado viernes. A finales de 2019, explica, [&hellip;]<\/p>\n","protected":false},"author":1,"featured_media":12443,"comment_status":"open","ping_status":"open","sticky":false,"template":"","format":"standard","meta":{"_jetpack_memberships_contains_paid_content":false,"footnotes":""},"categories":[2],"tags":[],"class_list":["post-12442","post","type-post","status-publish","format-standard","has-post-thumbnail","hentry","category-estado"],"jetpack_featured_media_url":"https:\/\/encuentroinformativo.com.mx\/wp-content\/uploads\/2021\/03\/03D186BC-CD97-402B-9730-337B7F1B8353.jpeg","jetpack_sharing_enabled":true,"jetpack_likes_enabled":true,"amp_enabled":true,"_links":{"self":[{"href":"https:\/\/encuentroinformativo.com.mx\/index.php?rest_route=\/wp\/v2\/posts\/12442","targetHints":{"allow":["GET"]}}],"collection":[{"href":"https:\/\/encuentroinformativo.com.mx\/index.php?rest_route=\/wp\/v2\/posts"}],"about":[{"href":"https:\/\/encuentroinformativo.com.mx\/index.php?rest_route=\/wp\/v2\/types\/post"}],"author":[{"embeddable":true,"href":"https:\/\/encuentroinformativo.com.mx\/index.php?rest_route=\/wp\/v2\/users\/1"}],"replies":[{"embeddable":true,"href":"https:\/\/encuentroinformativo.com.mx\/index.php?rest_route=%2Fwp%2Fv2%2Fcomments&post=12442"}],"version-history":[{"count":1,"href":"https:\/\/encuentroinformativo.com.mx\/index.php?rest_route=\/wp\/v2\/posts\/12442\/revisions"}],"predecessor-version":[{"id":12444,"href":"https:\/\/encuentroinformativo.com.mx\/index.php?rest_route=\/wp\/v2\/posts\/12442\/revisions\/12444"}],"wp:featuredmedia":[{"embeddable":true,"href":"https:\/\/encuentroinformativo.com.mx\/index.php?rest_route=\/wp\/v2\/media\/12443"}],"wp:attachment":[{"href":"https:\/\/encuentroinformativo.com.mx\/index.php?rest_route=%2Fwp%2Fv2%2Fmedia&parent=12442"}],"wp:term":[{"taxonomy":"category","embeddable":true,"href":"https:\/\/encuentroinformativo.com.mx\/index.php?rest_route=%2Fwp%2Fv2%2Fcategories&post=12442"},{"taxonomy":"post_tag","embeddable":true,"href":"https:\/\/encuentroinformativo.com.mx\/index.php?rest_route=%2Fwp%2Fv2%2Ftags&post=12442"}],"curies":[{"name":"wp","href":"https:\/\/api.w.org\/{rel}","templated":true}]}}