{"id":12451,"date":"2021-03-29T14:53:31","date_gmt":"2021-03-29T20:53:31","guid":{"rendered":"https:\/\/encuentroinformativo.com.mx\/?p=12451"},"modified":"2021-03-29T14:53:34","modified_gmt":"2021-03-29T20:53:34","slug":"quejas-y-aglomeraciones-en-aplicacion-de-vacuna-en-papantla","status":"publish","type":"post","link":"https:\/\/encuentroinformativo.com.mx\/?p=12451","title":{"rendered":"Quejas y aglomeraciones en aplicaci\u00f3n de vacuna en Papantla"},"content":{"rendered":"\n<p><strong>Alejandro \u00c1vila<\/strong><\/p>\n\n\n\n<p>Papantla, Ver.- El retraso de la llegada de la vacuna contra el COVID-19 a la cabecera municipal de Papantla caus\u00f3 molestia y quejas de los familiares que acomparon a sus mayores de 60 a\u00f1os a vacunar.<\/p>\n\n\n\n<p>La mayor\u00eda de las personas llegaron por la madrugada a las sedes para poder vacunarse primero y salir temprano, pero no contaban con el retraso de m\u00e1s de una hora que gener\u00f3 malestar en la ciudadan\u00eda.<\/p>\n\n\n\n<p>En este municipio a diferencia de las \u00faltimas dos semanas, donde todo hab\u00eda fluido muy bien, no hubo una log\u00edstica adecuada, al menos este primer d\u00eda, pues hubo en varias sedes aglomeraciones y no se respet\u00f3 la sana distancia.<\/p>\n\n\n\n<p>En la cabecera municipal de Papantla se habilitaron cinco puntos de vacunaci\u00f3n, la escuela primaria Mar\u00eda Guti\u00e9rrez, la primaria Concepci\u00f3n Fuentes, la Secundaria General N\u00famero 1, la Secundaria General 2 y la Casa del Jubilado, todas con un n\u00famero importante de personas listas para vacunar.<\/p>\n\n\n\n<p>Ciudadanos acusaron a la Brigada Correcaminos, encargada de la log\u00edstica, de no saber organizar la zona de vacunaci\u00f3n y generar un caos durante varias horas.<\/p>\n\n\n\n<p>Todo debi\u00f3 haber iniciado con calma y en orden a partir de las 8 de la ma\u00f1ana, pero debido a que esta lleg\u00f3 casi a las 10 de la ma\u00f1ana, se volvieron a generar gritos y molestia entre los papantecos.<\/p>\n\n\n\n<p>Fue pasadas las 14 horas cuando todo se regulariz\u00f3 y agiliz\u00f3, por lo que se han ido despejando las sedes.<\/p>\n\n\n\n<figure class=\"wp-block-image size-large\"><img loading=\"lazy\" decoding=\"async\" width=\"875\" height=\"586\" src=\"https:\/\/encuentroinformativo.com.mx\/wp-content\/uploads\/2021\/03\/A9CFBD04-2C80-432E-8F24-2A27774D4E75.jpeg\" alt=\"\" class=\"wp-image-12453\" srcset=\"https:\/\/encuentroinformativo.com.mx\/wp-content\/uploads\/2021\/03\/A9CFBD04-2C80-432E-8F24-2A27774D4E75.jpeg 875w, https:\/\/encuentroinformativo.com.mx\/wp-content\/uploads\/2021\/03\/A9CFBD04-2C80-432E-8F24-2A27774D4E75-300x201.jpeg 300w, https:\/\/encuentroinformativo.com.mx\/wp-content\/uploads\/2021\/03\/A9CFBD04-2C80-432E-8F24-2A27774D4E75-768x514.jpeg 768w\" sizes=\"auto, (max-width: 875px) 100vw, 875px\" \/><\/figure>\n","protected":false},"excerpt":{"rendered":"<p>Alejandro \u00c1vila Papantla, Ver.- El retraso de la llegada de la vacuna contra el COVID-19 a la cabecera municipal de Papantla caus\u00f3 molestia y quejas de los familiares que acomparon a sus mayores de 60 a\u00f1os a vacunar. La mayor\u00eda de las personas llegaron por la madrugada a las sedes para poder vacunarse primero y [&hellip;]<\/p>\n","protected":false},"author":1,"featured_media":12452,"comment_status":"open","ping_status":"open","sticky":false,"template":"","format":"standard","meta":{"_jetpack_memberships_contains_paid_content":false,"footnotes":""},"categories":[9],"tags":[],"class_list":["post-12451","post","type-post","status-publish","format-standard","has-post-thumbnail","hentry","category-salud"],"jetpack_featured_media_url":"https:\/\/encuentroinformativo.com.mx\/wp-content\/uploads\/2021\/03\/36848AC3-650E-4F39-AF35-6CE8288F4AA9.jpeg","jetpack_sharing_enabled":true,"jetpack_likes_enabled":true,"amp_enabled":true,"_links":{"self":[{"href":"https:\/\/encuentroinformativo.com.mx\/index.php?rest_route=\/wp\/v2\/posts\/12451","targetHints":{"allow":["GET"]}}],"collection":[{"href":"https:\/\/encuentroinformativo.com.mx\/index.php?rest_route=\/wp\/v2\/posts"}],"about":[{"href":"https:\/\/encuentroinformativo.com.mx\/index.php?rest_route=\/wp\/v2\/types\/post"}],"author":[{"embeddable":true,"href":"https:\/\/encuentroinformativo.com.mx\/index.php?rest_route=\/wp\/v2\/users\/1"}],"replies":[{"embeddable":true,"href":"https:\/\/encuentroinformativo.com.mx\/index.php?rest_route=%2Fwp%2Fv2%2Fcomments&post=12451"}],"version-history":[{"count":1,"href":"https:\/\/encuentroinformativo.com.mx\/index.php?rest_route=\/wp\/v2\/posts\/12451\/revisions"}],"predecessor-version":[{"id":12454,"href":"https:\/\/encuentroinformativo.com.mx\/index.php?rest_route=\/wp\/v2\/posts\/12451\/revisions\/12454"}],"wp:featuredmedia":[{"embeddable":true,"href":"https:\/\/encuentroinformativo.com.mx\/index.php?rest_route=\/wp\/v2\/media\/12452"}],"wp:attachment":[{"href":"https:\/\/encuentroinformativo.com.mx\/index.php?rest_route=%2Fwp%2Fv2%2Fmedia&parent=12451"}],"wp:term":[{"taxonomy":"category","embeddable":true,"href":"https:\/\/encuentroinformativo.com.mx\/index.php?rest_route=%2Fwp%2Fv2%2Fcategories&post=12451"},{"taxonomy":"post_tag","embeddable":true,"href":"https:\/\/encuentroinformativo.com.mx\/index.php?rest_route=%2Fwp%2Fv2%2Ftags&post=12451"}],"curies":[{"name":"wp","href":"https:\/\/api.w.org\/{rel}","templated":true}]}}