{"id":12455,"date":"2021-03-29T17:31:49","date_gmt":"2021-03-29T23:31:49","guid":{"rendered":"https:\/\/encuentroinformativo.com.mx\/?p=12455"},"modified":"2021-03-29T17:31:52","modified_gmt":"2021-03-29T23:31:52","slug":"anuncian-documental-el-monstruo-de-laguna-verde","status":"publish","type":"post","link":"https:\/\/encuentroinformativo.com.mx\/?p=12455","title":{"rendered":"Anuncian documental El Monstruo de Laguna Verde"},"content":{"rendered":"\n<p><strong>Juan Arcos <\/strong><\/p>\n\n\n\n<p>Xalapa, Ver.- \u201cEl monstruo de Laguna Verde\u201d, es el t\u00edtulo del documental que refleja el movimiento social contra la Central Nucleoel\u00e9ctrica, ubicada en la localidad Palma Sola, municipio de Alto Lucero.<\/p>\n\n\n\n<p>El estreno de la cinta ser\u00e1 el pr\u00f3ximo 15 de abril en el festival de cine \u201cOft\u00e1lmica&#8221;, con sede en la Galer\u00eda de Arte Contempor\u00e1neo de Xalapa (GACX), ubicada sobre la calle Xalape\u00f1os Ilustres.<\/p>\n\n\n\n<p>Los productores del documental son Rodrigo Valdez y Manuel Hern\u00e1ndez, quienes forman parte de la productora denominada \u201c<em>Raza<\/em>\u201d.<\/p>\n\n\n\n<p>De acuerdo con Rodrigo Valdez, la cinta tiene una duraci\u00f3n de 64 minutos y muestra la lucha ambiental que ha desatado la planta nuclear, as\u00ed como tambi\u00e9n, parte de la vida de El Ecologista Universal, quien ha realizado un Viacrucis en Semana Santa, durante 36 a\u00f1os consecutivos.<\/p>\n\n\n\n<p>\u201cEs un documental sobre la historia de Laguna Verde al mismo tiempo que va contando la historia del Ecologista Universal y su amigo Silver en esta lucha. Retratar el movimiento social que ha habido en los \u00faltimos 50 a\u00f1os&#8221;, expres\u00f3.<\/p>\n\n\n\n<p>El entrevistado mencion\u00f3 que el documental participar\u00e1 en diversos festivales de cine del pa\u00eds, para dar a\u00a0conocer la problem\u00e1tica social.<\/p>\n\n\n\n<p>Adem\u00e1s, record\u00f3 que les llev\u00f3 cuatro a\u00f1os recabar toda la informaci\u00f3n y producir la obra cinematogr\u00e1fica.<\/p>\n\n\n\n<p>\u201cEl documental sobre el Ecologista y Silver en esta lucha que han mantenido durante 36 a\u00f1os. Es un trabajo para celebrar los a\u00f1os de lucha y de mantener esta batalla, me parece un poco interminable pero que ello se mantienen aqu\u00ed\u201d, finaliz\u00f3 el productor.<\/p>\n","protected":false},"excerpt":{"rendered":"<p>Juan Arcos Xalapa, Ver.- \u201cEl monstruo de Laguna Verde\u201d, es el t\u00edtulo del documental que refleja el movimiento social contra la Central Nucleoel\u00e9ctrica, ubicada en la localidad Palma Sola, municipio de Alto Lucero. El estreno de la cinta ser\u00e1 el pr\u00f3ximo 15 de abril en el festival de cine \u201cOft\u00e1lmica&#8221;, con sede en la Galer\u00eda [&hellip;]<\/p>\n","protected":false},"author":1,"featured_media":12456,"comment_status":"open","ping_status":"open","sticky":false,"template":"","format":"standard","meta":{"_jetpack_memberships_contains_paid_content":false,"footnotes":""},"categories":[3],"tags":[],"class_list":["post-12455","post","type-post","status-publish","format-standard","has-post-thumbnail","hentry","category-xalapa"],"jetpack_featured_media_url":"https:\/\/encuentroinformativo.com.mx\/wp-content\/uploads\/2021\/03\/F566D802-2C53-46C6-A259-F8051D45B407.jpeg","jetpack_sharing_enabled":true,"jetpack_likes_enabled":true,"amp_enabled":true,"_links":{"self":[{"href":"https:\/\/encuentroinformativo.com.mx\/index.php?rest_route=\/wp\/v2\/posts\/12455","targetHints":{"allow":["GET"]}}],"collection":[{"href":"https:\/\/encuentroinformativo.com.mx\/index.php?rest_route=\/wp\/v2\/posts"}],"about":[{"href":"https:\/\/encuentroinformativo.com.mx\/index.php?rest_route=\/wp\/v2\/types\/post"}],"author":[{"embeddable":true,"href":"https:\/\/encuentroinformativo.com.mx\/index.php?rest_route=\/wp\/v2\/users\/1"}],"replies":[{"embeddable":true,"href":"https:\/\/encuentroinformativo.com.mx\/index.php?rest_route=%2Fwp%2Fv2%2Fcomments&post=12455"}],"version-history":[{"count":1,"href":"https:\/\/encuentroinformativo.com.mx\/index.php?rest_route=\/wp\/v2\/posts\/12455\/revisions"}],"predecessor-version":[{"id":12457,"href":"https:\/\/encuentroinformativo.com.mx\/index.php?rest_route=\/wp\/v2\/posts\/12455\/revisions\/12457"}],"wp:featuredmedia":[{"embeddable":true,"href":"https:\/\/encuentroinformativo.com.mx\/index.php?rest_route=\/wp\/v2\/media\/12456"}],"wp:attachment":[{"href":"https:\/\/encuentroinformativo.com.mx\/index.php?rest_route=%2Fwp%2Fv2%2Fmedia&parent=12455"}],"wp:term":[{"taxonomy":"category","embeddable":true,"href":"https:\/\/encuentroinformativo.com.mx\/index.php?rest_route=%2Fwp%2Fv2%2Fcategories&post=12455"},{"taxonomy":"post_tag","embeddable":true,"href":"https:\/\/encuentroinformativo.com.mx\/index.php?rest_route=%2Fwp%2Fv2%2Ftags&post=12455"}],"curies":[{"name":"wp","href":"https:\/\/api.w.org\/{rel}","templated":true}]}}