{"id":12463,"date":"2021-03-30T12:27:09","date_gmt":"2021-03-30T18:27:09","guid":{"rendered":"https:\/\/encuentroinformativo.com.mx\/?p=12463"},"modified":"2021-03-30T12:27:14","modified_gmt":"2021-03-30T18:27:14","slug":"siguen-descuentos-indebidos-acusa-magisterio","status":"publish","type":"post","link":"https:\/\/encuentroinformativo.com.mx\/?p=12463","title":{"rendered":"Siguen descuentos indebidos, acusa Magisterio"},"content":{"rendered":"\n<p><strong>Dar\u00edo Pale <\/strong><\/p>\n\n\n\n<p>Xalapa, Ver.- Adem\u00e1s de las tres denuncias presentadas en el mes de diciembre contra servidores de la SEV, interpusieron denuncia ante el \u00d3rgano de Fiscalizaci\u00f3n Superior, queja ante la CEDH, as\u00ed como demanda laboral para la restituci\u00f3n de los derechos de los afectados a quienes se les contin\u00faa haciendo descuentos v\u00eda n\u00f3mina, as\u00ed lo se\u00f1alaron los docentes integrantes de Fuerza Magisterial.<\/p>\n\n\n\n<p>En conferencia de prensa realizada en conocido caf\u00e9 del centro de Xalapa, los afectados, junto con sus abogados, explicaron que adem\u00e1s interpusieron denuncia ante la Fiscal\u00eda Anticorrupci\u00f3n, los\u00a0docentes y sus abogados reconocen que estos convenios no se llevaron a cabo en la presente administraci\u00f3n, sin embargo, al haber tomado el cargo hace dos a\u00f1os, debieron reportar cualquier acto il\u00edcito ante la Contralor\u00eda General del Estado, ya que al\u00a0no haberlo hecho se convirtieron m\u00e1s que en c\u00f3mplices en ejecutores del acto il\u00edcito.<br>El representante legal de Grupo Omerta Miguel Matus Blanco\u00a0dio a conocer que tambi\u00e9n interpusieron juicios de amparo contra el \u00d3rgano de Fiscalizaci\u00f3n Superior y la Fiscal\u00eda para que lleven a cabo las investigaciones correspondientes,\u00a0&#8220;si ganamos esos amparos van a obligar tanto al ORFIS como a la Fiscal\u00eda a investigar. Van a obligar al ORFIS a practicar la auditor\u00eda a la Direcci\u00f3n General de N\u00f3minas de la SEV para investigar cu\u00e1ntos son los afectados&#8221;.<\/p>\n\n\n\n<p>Se\u00f1al\u00f3 que aunque ellos est\u00e1n llevando la defensa de unos 200 maestros, el tema es mucho m\u00e1s grave toda vez que hay miles de afectados y no s\u00f3lo de la SEV, sino de la Secretar\u00eda de Salud y la Secretar\u00eda de Finanzas, el Instituto de Pensiones del Estado e IMSS a nivel federal, entre otras.<\/p>\n\n\n\n<p>Aclararon que la defensa no busca evadir el pago ya que en muchos casos reconocen que s\u00ed solicitaron los pr\u00e9stamos, pero en otros hay la presunci\u00f3n de que hubo falsificaci\u00f3n de documentos y firmas, por lo que el\u00a0abogado a\u00f1adi\u00f3 que tambi\u00e9n presentaron una queja ante la Comisi\u00f3n Estatal de Derechos Humanos y en este momento est\u00e1n en etapa de solventaci\u00f3n.<\/p>\n\n\n\n<p>&#8220;Estamos agotando todas las v\u00edas legales jur\u00eddicas. Vamos a entablar una demanda laboral para que se declare judicialmente la nulidad del acto para restituir los derechos de los trabajadores&#8221;, subray\u00f3.<\/p>\n\n\n\n<p>Exhort\u00f3 al ORFIS, a la Fiscal\u00eda, a la Comisi\u00f3n Estatal de Derechos Humanos y a los responsables, que ser\u00edan los funcionarios de la SEV para que tutelen los derechos humanos de los trabajadores, ya\u00a0que los delitos por los que fueron denunciados el secretario, la oficial mayor y el director general de N\u00f3minas, es por incumplimiento de un deber legal y por abuso de autoridad.<\/p>\n\n\n\n<p>Toda vez que su obligaci\u00f3n era pagar el salario como lo marca la ley, pero al dejarlo de hacer est\u00e1n incumpliendo el servicio p\u00fablico y el abuso de autoridad es porque est\u00e1n ejecutando acciones il\u00edcitas.<\/p>\n\n\n\n<p>Destac\u00f3 que otra de las denuncias presentadas es por usura, por la usurpaci\u00f3n de identidades y lo que resulte porque hay casos de docentes que sufren descuentos pero a ellos no pidieron los cr\u00e9ditos, ya que los\u00a0pr\u00e9stamos van desde los 10 mil hasta los 300 mil, pero los maestros terminan pagando hasta un mill\u00f3n de pesos.<\/p>\n","protected":false},"excerpt":{"rendered":"<p>Dar\u00edo Pale Xalapa, Ver.- Adem\u00e1s de las tres denuncias presentadas en el mes de diciembre contra servidores de la SEV, interpusieron denuncia ante el \u00d3rgano de Fiscalizaci\u00f3n Superior, queja ante la CEDH, as\u00ed como demanda laboral para la restituci\u00f3n de los derechos de los afectados a quienes se les contin\u00faa haciendo descuentos v\u00eda n\u00f3mina, as\u00ed [&hellip;]<\/p>\n","protected":false},"author":1,"featured_media":12464,"comment_status":"open","ping_status":"open","sticky":false,"template":"","format":"standard","meta":{"_jetpack_memberships_contains_paid_content":false,"footnotes":""},"categories":[2],"tags":[],"class_list":["post-12463","post","type-post","status-publish","format-standard","has-post-thumbnail","hentry","category-estado"],"jetpack_featured_media_url":"https:\/\/encuentroinformativo.com.mx\/wp-content\/uploads\/2021\/03\/59C02707-5A10-4D51-92DE-ACBFCAECF1F4.jpeg","jetpack_sharing_enabled":true,"jetpack_likes_enabled":true,"amp_enabled":true,"_links":{"self":[{"href":"https:\/\/encuentroinformativo.com.mx\/index.php?rest_route=\/wp\/v2\/posts\/12463","targetHints":{"allow":["GET"]}}],"collection":[{"href":"https:\/\/encuentroinformativo.com.mx\/index.php?rest_route=\/wp\/v2\/posts"}],"about":[{"href":"https:\/\/encuentroinformativo.com.mx\/index.php?rest_route=\/wp\/v2\/types\/post"}],"author":[{"embeddable":true,"href":"https:\/\/encuentroinformativo.com.mx\/index.php?rest_route=\/wp\/v2\/users\/1"}],"replies":[{"embeddable":true,"href":"https:\/\/encuentroinformativo.com.mx\/index.php?rest_route=%2Fwp%2Fv2%2Fcomments&post=12463"}],"version-history":[{"count":1,"href":"https:\/\/encuentroinformativo.com.mx\/index.php?rest_route=\/wp\/v2\/posts\/12463\/revisions"}],"predecessor-version":[{"id":12465,"href":"https:\/\/encuentroinformativo.com.mx\/index.php?rest_route=\/wp\/v2\/posts\/12463\/revisions\/12465"}],"wp:featuredmedia":[{"embeddable":true,"href":"https:\/\/encuentroinformativo.com.mx\/index.php?rest_route=\/wp\/v2\/media\/12464"}],"wp:attachment":[{"href":"https:\/\/encuentroinformativo.com.mx\/index.php?rest_route=%2Fwp%2Fv2%2Fmedia&parent=12463"}],"wp:term":[{"taxonomy":"category","embeddable":true,"href":"https:\/\/encuentroinformativo.com.mx\/index.php?rest_route=%2Fwp%2Fv2%2Fcategories&post=12463"},{"taxonomy":"post_tag","embeddable":true,"href":"https:\/\/encuentroinformativo.com.mx\/index.php?rest_route=%2Fwp%2Fv2%2Ftags&post=12463"}],"curies":[{"name":"wp","href":"https:\/\/api.w.org\/{rel}","templated":true}]}}