{"id":12473,"date":"2021-03-30T13:33:59","date_gmt":"2021-03-30T19:33:59","guid":{"rendered":"https:\/\/encuentroinformativo.com.mx\/?p=12473"},"modified":"2021-03-30T13:34:04","modified_gmt":"2021-03-30T19:34:04","slug":"realizan-cambios-en-seguridad-ciudadana-xalapa","status":"publish","type":"post","link":"https:\/\/encuentroinformativo.com.mx\/?p=12473","title":{"rendered":"Realizan cambios en Seguridad Ciudadana Xalapa"},"content":{"rendered":"\n<p><strong>Dar\u00edo Pale <\/strong><\/p>\n\n\n\n<p>Xalapa, Ver.- Este d\u00eda se dio a conocer que renunci\u00f3 a la Direcci\u00f3n de Seguridad Ciudadana y Tr\u00e1nsito Municipal en Xalapa Francisco Villa Campa, en\u00a0su lugar lleg\u00f3 Jos\u00e9 Ignacio Rodr\u00edguez Platas, es de mencionar que es el Cabildo de Xalapa quien debe de aprobar qui\u00e9n se queda al frente de la corporaci\u00f3n.<\/p>\n\n\n\n<p>Francisco Villa Campa lleg\u00f3 a la direcci\u00f3n de Seguridad Ciudadana en febrero del 2019, luego de que Julio C\u00e9sar Amaya saliera del cargo, y es que no logr\u00f3 una capacitaci\u00f3n y reportar gastos al cien por ciento de los elementos de la polic\u00eda municipal.<\/p>\n\n\n\n<p>En el caso de Villa Campa, ha sido criticado no solo por el cuerpo edilicio, si no tambi\u00e9n por la poblaci\u00f3n capitalina quien lo ha se\u00f1alado de no ser capaz de estar al frente del encargo municipal.<\/p>\n\n\n\n<p>Una de las cr\u00edticas m\u00e1s fuertes que ha tenido, es cuando se report\u00f3 que un polic\u00eda cay\u00f3 en la zona de los Lagos, el pasado 13 de julio del 2020, incluso, dijo que la gente y medios de comunicaci\u00f3n buscaban difamarlo.<\/p>\n\n\n\n<p>En el \u00e1rea municipal, fue cuestionado por el regidor con licencia, Juan Gabriel Fern\u00e1ndez Garibay, quien siempre dijo no se trabajaba con transparencia; lleg\u00f3 a presentar quejas ante la Contralor\u00eda Interna del Ayuntamiento, sin que al momento hayan tenido una respuesta positiva.<\/p>\n\n\n\n<p>Jos\u00e9 Ignacio Rodr\u00edguez Platas ex subdirector del Centro Estatal de Contorl, Comando, Comunicaciones y C\u00f3mputo (C-4), hab\u00eda asumido la subdireccion de Tr\u00e1nsito Municipal el 12 de febrero del 2019, el mismo d\u00eda que hab\u00eda sido nombrado Villa Campa como director de Seguridad Ciudadana.<\/p>\n\n\n\n<p>Desde el Congreso del Estado, el coordinador del PAN, Omar Miranda Romero, tambi\u00e9n pidi\u00f3 su cese \u201cpor incompetente\u201d, a\u00a0todo esto, se le suma, la agresi\u00f3n a un reportero al cubrir un accidente que sufri\u00f3 en\u00a0 el Paseo de Los Lagos.<\/p>\n","protected":false},"excerpt":{"rendered":"<p>Dar\u00edo Pale Xalapa, Ver.- Este d\u00eda se dio a conocer que renunci\u00f3 a la Direcci\u00f3n de Seguridad Ciudadana y Tr\u00e1nsito Municipal en Xalapa Francisco Villa Campa, en\u00a0su lugar lleg\u00f3 Jos\u00e9 Ignacio Rodr\u00edguez Platas, es de mencionar que es el Cabildo de Xalapa quien debe de aprobar qui\u00e9n se queda al frente de la corporaci\u00f3n. Francisco [&hellip;]<\/p>\n","protected":false},"author":1,"featured_media":12474,"comment_status":"open","ping_status":"open","sticky":false,"template":"","format":"standard","meta":{"_jetpack_memberships_contains_paid_content":false,"footnotes":""},"categories":[3],"tags":[],"class_list":["post-12473","post","type-post","status-publish","format-standard","has-post-thumbnail","hentry","category-xalapa"],"jetpack_featured_media_url":"https:\/\/encuentroinformativo.com.mx\/wp-content\/uploads\/2021\/03\/59DD71BC-A886-48FA-B2FD-043285D6E6D8.jpeg","jetpack_sharing_enabled":true,"jetpack_likes_enabled":true,"amp_enabled":true,"_links":{"self":[{"href":"https:\/\/encuentroinformativo.com.mx\/index.php?rest_route=\/wp\/v2\/posts\/12473","targetHints":{"allow":["GET"]}}],"collection":[{"href":"https:\/\/encuentroinformativo.com.mx\/index.php?rest_route=\/wp\/v2\/posts"}],"about":[{"href":"https:\/\/encuentroinformativo.com.mx\/index.php?rest_route=\/wp\/v2\/types\/post"}],"author":[{"embeddable":true,"href":"https:\/\/encuentroinformativo.com.mx\/index.php?rest_route=\/wp\/v2\/users\/1"}],"replies":[{"embeddable":true,"href":"https:\/\/encuentroinformativo.com.mx\/index.php?rest_route=%2Fwp%2Fv2%2Fcomments&post=12473"}],"version-history":[{"count":1,"href":"https:\/\/encuentroinformativo.com.mx\/index.php?rest_route=\/wp\/v2\/posts\/12473\/revisions"}],"predecessor-version":[{"id":12475,"href":"https:\/\/encuentroinformativo.com.mx\/index.php?rest_route=\/wp\/v2\/posts\/12473\/revisions\/12475"}],"wp:featuredmedia":[{"embeddable":true,"href":"https:\/\/encuentroinformativo.com.mx\/index.php?rest_route=\/wp\/v2\/media\/12474"}],"wp:attachment":[{"href":"https:\/\/encuentroinformativo.com.mx\/index.php?rest_route=%2Fwp%2Fv2%2Fmedia&parent=12473"}],"wp:term":[{"taxonomy":"category","embeddable":true,"href":"https:\/\/encuentroinformativo.com.mx\/index.php?rest_route=%2Fwp%2Fv2%2Fcategories&post=12473"},{"taxonomy":"post_tag","embeddable":true,"href":"https:\/\/encuentroinformativo.com.mx\/index.php?rest_route=%2Fwp%2Fv2%2Ftags&post=12473"}],"curies":[{"name":"wp","href":"https:\/\/api.w.org\/{rel}","templated":true}]}}