{"id":12476,"date":"2021-03-30T13:41:12","date_gmt":"2021-03-30T19:41:12","guid":{"rendered":"https:\/\/encuentroinformativo.com.mx\/?p=12476"},"modified":"2021-03-30T13:41:18","modified_gmt":"2021-03-30T19:41:18","slug":"en-actopan-y-alto-lucero-trabajos-de-mineria-ocasionan-sequia","status":"publish","type":"post","link":"https:\/\/encuentroinformativo.com.mx\/?p=12476","title":{"rendered":"En Actopan y Alto Lucero, trabajos de miner\u00eda ocasionan sequ\u00eda"},"content":{"rendered":"\n<p><strong>Juan Arcos<\/strong><\/p>\n\n\n\n<p>Xalapa, Ver.- Los trabajos de miner\u00eda a cielo abierto en los municipios de Actopan y Alto Lucero han ocasionado sequ\u00eda en 60 comunidades de la zona.<\/p>\n\n\n\n<p>Este problema se recrudece durante los meses de marzo, abril y mayo por el estiaje y las altas temperaturas registradas en la entidad veracruzana.<\/p>\n\n\n\n<p>De acuerdo con Guillermo Rodr\u00edguez Curiel, el integrante de La Asamblea Veracruzana de Iniciativas Ambientales (Lavida), los niveles de las lagunas de El Farall\u00f3n y Laguna Verde, que se encuentran en la zona costera de la carretera Cardel-Nautla, han bajado, de manera considerable, por los proyectos mineros.<\/p>\n\n\n\n<p>\u201cLa actual sequ\u00eda que hay en la zona es tremenda. La laguna de El Farall\u00f3n est\u00e1 seca. Ya no hay agua, ya nada m\u00e1s queda el lodo. Ya no hay peces y todas las lagunas que est\u00e1n en ese sistema cerquita de Laguna Verde, los manantiales est\u00e1n secos y decimos que de esto son responsables las mineras\u201d, enfatiz\u00f3.<\/p>\n\n\n\n<p>El ambientalista record\u00f3 que las perforaciones que efect\u00faan las empresas canadienses alcanzan hasta los 800 metros de profundidad, situaci\u00f3n que desv\u00eda el curso de las aguas.<\/p>\n\n\n\n<p>\u201cLas mineras siguen trabajando, siguen haciendo sus perforaciones, para las muestras de tierra y calculamos que la actual sequ\u00eda que hay en la zona es por esos trabajos\u201d, insisti\u00f3.<\/p>\n\n\n\n<p>El entrevistado consider\u00f3 que la \u201cminer\u00eda t\u00f3xica\u201d ha ocasionado una gran devastaci\u00f3n en dicha zona del estado de Veracruz.<\/p>\n\n\n\n<p>Adem\u00e1s, reprob\u00f3 que los pobladores se hayan visto en la necesidad de contratar pipas de agua, cuando en la zona hab\u00eda manantiales.<\/p>\n\n\n\n<p>\u201cHay devastaci\u00f3n y cambios en la vegetaci\u00f3n original\u201d, repudi\u00f3 el integrante de La Asamblea Veracruzana de Iniciativas y Defensa Ambiental en su visita a la ciudad de Xalapa.<\/p>\n","protected":false},"excerpt":{"rendered":"<p>Juan Arcos Xalapa, Ver.- Los trabajos de miner\u00eda a cielo abierto en los municipios de Actopan y Alto Lucero han ocasionado sequ\u00eda en 60 comunidades de la zona. Este problema se recrudece durante los meses de marzo, abril y mayo por el estiaje y las altas temperaturas registradas en la entidad veracruzana. De acuerdo con [&hellip;]<\/p>\n","protected":false},"author":1,"featured_media":12477,"comment_status":"open","ping_status":"open","sticky":false,"template":"","format":"standard","meta":{"_jetpack_memberships_contains_paid_content":false,"footnotes":""},"categories":[8],"tags":[],"class_list":["post-12476","post","type-post","status-publish","format-standard","has-post-thumbnail","hentry","category-region"],"jetpack_featured_media_url":"https:\/\/encuentroinformativo.com.mx\/wp-content\/uploads\/2021\/03\/DA6DF1D1-194B-4F27-A505-E0E6A51975FD.jpeg","jetpack_sharing_enabled":true,"jetpack_likes_enabled":true,"amp_enabled":true,"_links":{"self":[{"href":"https:\/\/encuentroinformativo.com.mx\/index.php?rest_route=\/wp\/v2\/posts\/12476","targetHints":{"allow":["GET"]}}],"collection":[{"href":"https:\/\/encuentroinformativo.com.mx\/index.php?rest_route=\/wp\/v2\/posts"}],"about":[{"href":"https:\/\/encuentroinformativo.com.mx\/index.php?rest_route=\/wp\/v2\/types\/post"}],"author":[{"embeddable":true,"href":"https:\/\/encuentroinformativo.com.mx\/index.php?rest_route=\/wp\/v2\/users\/1"}],"replies":[{"embeddable":true,"href":"https:\/\/encuentroinformativo.com.mx\/index.php?rest_route=%2Fwp%2Fv2%2Fcomments&post=12476"}],"version-history":[{"count":1,"href":"https:\/\/encuentroinformativo.com.mx\/index.php?rest_route=\/wp\/v2\/posts\/12476\/revisions"}],"predecessor-version":[{"id":12478,"href":"https:\/\/encuentroinformativo.com.mx\/index.php?rest_route=\/wp\/v2\/posts\/12476\/revisions\/12478"}],"wp:featuredmedia":[{"embeddable":true,"href":"https:\/\/encuentroinformativo.com.mx\/index.php?rest_route=\/wp\/v2\/media\/12477"}],"wp:attachment":[{"href":"https:\/\/encuentroinformativo.com.mx\/index.php?rest_route=%2Fwp%2Fv2%2Fmedia&parent=12476"}],"wp:term":[{"taxonomy":"category","embeddable":true,"href":"https:\/\/encuentroinformativo.com.mx\/index.php?rest_route=%2Fwp%2Fv2%2Fcategories&post=12476"},{"taxonomy":"post_tag","embeddable":true,"href":"https:\/\/encuentroinformativo.com.mx\/index.php?rest_route=%2Fwp%2Fv2%2Ftags&post=12476"}],"curies":[{"name":"wp","href":"https:\/\/api.w.org\/{rel}","templated":true}]}}