{"id":12492,"date":"2021-03-30T15:30:54","date_gmt":"2021-03-30T21:30:54","guid":{"rendered":"https:\/\/encuentroinformativo.com.mx\/?p=12492"},"modified":"2021-03-30T15:30:59","modified_gmt":"2021-03-30T21:30:59","slug":"exhortos-no-funcionaran-en-semana-santa-alcalde","status":"publish","type":"post","link":"https:\/\/encuentroinformativo.com.mx\/?p=12492","title":{"rendered":"Exhortos no funcionar\u00e1n en Semana Santa: Alcalde"},"content":{"rendered":"\n<p><strong>Alejandro \u00c1vila<\/strong><\/p>\n\n\n\n<p>Veracruz, Ver.- El decreto anunciado este lunes por Gobierno del Estado &#8220;Cuida Tu Salud, No Te Conf\u00edes&#8221; es un simple exhorto que lo que tiene de trasfondo es hacer que las autoridad competente evada su responsabilidad, manifest\u00f3 el alcalde, Fernando Yunes M\u00e1rquez.<\/p>\n\n\n\n<p>Este lunes el gobernador Cuitl\u00e1huac Garc\u00eda Jim\u00e9nez, inform\u00f3 en rueda de prensa que este decreto facultaba a los municipios a tomar medidas severas, si as\u00ed lo consideraba, en zona de playas; adem\u00e1s, invitaba a la ciudadan\u00eda a no realizar festejos en las playas o a acudir en grupos peque\u00f1os para evitar aglomeraciones durante las vacaciones de Semana Santa.<\/p>\n\n\n\n<p>&#8220;Son puros exhortos; es decir, lo que est\u00e1n tratando de hacer es evadir la responsabilidad que tiene el gobierno estatal y federal y echarsela a los municipios (\u2026) nosotros no podemos actuar en la zona de playas y eso lo sabe el gobernador perfectamente, o sino lo sabe pues para variar no le dijeron&#8221;, declar\u00f3.<\/p>\n\n\n\n<p>Expuso, que incluso si el exhorto hub\u00edera sido a nivel federal este no tendr\u00eda v\u00e1lidez, pues la Constituci\u00f3n Mexicana se\u00f1ala claramente que es el Gobierno Federal a trav\u00e9s de la Zona Federal Maritima (ZOFEMAT), quien tiene que regular las playas en la rep\u00fablica mexicana.<\/p>\n\n\n\n<p>En cuanto al dictamen del edificio del Consorcio Intra que sufri\u00f3 un incendio la tarde de este lunes, aclar\u00f3 que a\u00fan no existe un analisis completo, el cual se har\u00e1 en las siguiente horas, aunque declar\u00f3 que s\u00ed existe por parte de Protecci\u00f3n Civil Municipal la revisi\u00f3n constante para que cumplan con los protocolos de ley.<\/p>\n\n\n\n<p>&#8220;Ayer el edificio por ejemplo ten\u00eda alarma y esto permitio que mucha gente saliera por su propio pie y mucho m\u00e1s r\u00e1pido, y que se corriera un riesgo un poco menor&#8221;, subray\u00f3.&nbsp;<\/p>\n","protected":false},"excerpt":{"rendered":"<p>Alejandro \u00c1vila Veracruz, Ver.- El decreto anunciado este lunes por Gobierno del Estado &#8220;Cuida Tu Salud, No Te Conf\u00edes&#8221; es un simple exhorto que lo que tiene de trasfondo es hacer que las autoridad competente evada su responsabilidad, manifest\u00f3 el alcalde, Fernando Yunes M\u00e1rquez. Este lunes el gobernador Cuitl\u00e1huac Garc\u00eda Jim\u00e9nez, inform\u00f3 en rueda de [&hellip;]<\/p>\n","protected":false},"author":1,"featured_media":12493,"comment_status":"open","ping_status":"open","sticky":false,"template":"","format":"standard","meta":{"_jetpack_memberships_contains_paid_content":false,"footnotes":""},"categories":[2],"tags":[],"class_list":["post-12492","post","type-post","status-publish","format-standard","has-post-thumbnail","hentry","category-estado"],"jetpack_featured_media_url":"https:\/\/encuentroinformativo.com.mx\/wp-content\/uploads\/2021\/03\/25884602-0A30-4AFE-8BFC-6F1EACD81C51.jpeg","jetpack_sharing_enabled":true,"jetpack_likes_enabled":true,"amp_enabled":true,"_links":{"self":[{"href":"https:\/\/encuentroinformativo.com.mx\/index.php?rest_route=\/wp\/v2\/posts\/12492","targetHints":{"allow":["GET"]}}],"collection":[{"href":"https:\/\/encuentroinformativo.com.mx\/index.php?rest_route=\/wp\/v2\/posts"}],"about":[{"href":"https:\/\/encuentroinformativo.com.mx\/index.php?rest_route=\/wp\/v2\/types\/post"}],"author":[{"embeddable":true,"href":"https:\/\/encuentroinformativo.com.mx\/index.php?rest_route=\/wp\/v2\/users\/1"}],"replies":[{"embeddable":true,"href":"https:\/\/encuentroinformativo.com.mx\/index.php?rest_route=%2Fwp%2Fv2%2Fcomments&post=12492"}],"version-history":[{"count":1,"href":"https:\/\/encuentroinformativo.com.mx\/index.php?rest_route=\/wp\/v2\/posts\/12492\/revisions"}],"predecessor-version":[{"id":12494,"href":"https:\/\/encuentroinformativo.com.mx\/index.php?rest_route=\/wp\/v2\/posts\/12492\/revisions\/12494"}],"wp:featuredmedia":[{"embeddable":true,"href":"https:\/\/encuentroinformativo.com.mx\/index.php?rest_route=\/wp\/v2\/media\/12493"}],"wp:attachment":[{"href":"https:\/\/encuentroinformativo.com.mx\/index.php?rest_route=%2Fwp%2Fv2%2Fmedia&parent=12492"}],"wp:term":[{"taxonomy":"category","embeddable":true,"href":"https:\/\/encuentroinformativo.com.mx\/index.php?rest_route=%2Fwp%2Fv2%2Fcategories&post=12492"},{"taxonomy":"post_tag","embeddable":true,"href":"https:\/\/encuentroinformativo.com.mx\/index.php?rest_route=%2Fwp%2Fv2%2Ftags&post=12492"}],"curies":[{"name":"wp","href":"https:\/\/api.w.org\/{rel}","templated":true}]}}