{"id":12499,"date":"2021-03-30T16:55:03","date_gmt":"2021-03-30T22:55:03","guid":{"rendered":"https:\/\/encuentroinformativo.com.mx\/?p=12499"},"modified":"2021-03-30T16:55:08","modified_gmt":"2021-03-30T22:55:08","slug":"sembraran-mas-de-4-mil-arboles-en-las-fuentes","status":"publish","type":"post","link":"https:\/\/encuentroinformativo.com.mx\/?p=12499","title":{"rendered":"Sembrar\u00e1n m\u00e1s de 4 mil \u00e1rboles en Las Fuentes"},"content":{"rendered":"\n<p><strong>Juan Arcos <\/strong><\/p>\n\n\n\n<p>Xalapa, Ver.- M\u00e1s 4 mil 250 \u00e1rboles ser\u00e1n sembrados en una zona del Bosque Don Roberto que fue erosionada por los trabajos de empresas constructoras a un costado del fraccionamiento Las Fuentes.<\/p>\n\n\n\n<p>De acuerdo con la ingeniera forestal Alma Edith L\u00f3pez Hern\u00e1ndez, presidenta de la asociaci\u00f3n civil Gesti\u00f3n Integral para el Desarrollo y la Conservaci\u00f3n Ambiental (Gidca), se prev\u00e9 la reforestaci\u00f3n de cinco hect\u00e1reas.<\/p>\n\n\n\n<p>En esa superficie ser\u00e1n plantados \u00e1rboles de distintas especies como liquid\u00e1mbar, encino y otros del bosque mes\u00f3filo de monta\u00f1a, que abunda en la regi\u00f3n de la capital del estado.<\/p>\n\n\n\n<p>Los trabajos se llevar\u00e1n a cabo en coordinaci\u00f3n con la Cooperativa del Bosque Don Roberto y la organizaci\u00f3n Regalemos un Para\u00edso.<\/p>\n\n\n\n<p>\u201cLa cooperativa Bosque Don Roberto aportar\u00e1 el espacio, que es un suelo muy degradado, fue devastado por las construcciones y lo vamos a ir restaurando con estas reforestaciones\u201d.<\/p>\n\n\n\n<p>En cada hect\u00e1rea del terreno ser\u00e1n sembrados aproximadamente 850 \u00e1rboles, para recuperar la vegetaci\u00f3n en el lugar, mismo que colinda con el bulevar Rafael Gu\u00edzar y Valencia, mejor conocido como Arco Sur.<\/p>\n\n\n\n<p>El fin de semana pasado fueron plantados 24 \u00e1rboles en memoria de quienes han sido v\u00edctimas de cr\u00edmenes de odio por homofobia, como parte del proyecto \u201cToda Vida Vale\u201d.\u00a0<br>L\u00f3pez Hern\u00e1ndez record\u00f3 que los \u00e1rboles ya sembrados recibir\u00e1n el mantenimiento necesario para garantizar su conservaci\u00f3n.<\/p>\n","protected":false},"excerpt":{"rendered":"<p>Juan Arcos Xalapa, Ver.- M\u00e1s 4 mil 250 \u00e1rboles ser\u00e1n sembrados en una zona del Bosque Don Roberto que fue erosionada por los trabajos de empresas constructoras a un costado del fraccionamiento Las Fuentes. De acuerdo con la ingeniera forestal Alma Edith L\u00f3pez Hern\u00e1ndez, presidenta de la asociaci\u00f3n civil Gesti\u00f3n Integral para el Desarrollo y [&hellip;]<\/p>\n","protected":false},"author":1,"featured_media":12500,"comment_status":"open","ping_status":"open","sticky":false,"template":"","format":"standard","meta":{"_jetpack_memberships_contains_paid_content":false,"footnotes":""},"categories":[3],"tags":[],"class_list":["post-12499","post","type-post","status-publish","format-standard","has-post-thumbnail","hentry","category-xalapa"],"jetpack_featured_media_url":"https:\/\/encuentroinformativo.com.mx\/wp-content\/uploads\/2021\/03\/0A28BF02-4A4A-4155-BE49-F21049CA1E3F.jpeg","jetpack_sharing_enabled":true,"jetpack_likes_enabled":true,"amp_enabled":true,"_links":{"self":[{"href":"https:\/\/encuentroinformativo.com.mx\/index.php?rest_route=\/wp\/v2\/posts\/12499","targetHints":{"allow":["GET"]}}],"collection":[{"href":"https:\/\/encuentroinformativo.com.mx\/index.php?rest_route=\/wp\/v2\/posts"}],"about":[{"href":"https:\/\/encuentroinformativo.com.mx\/index.php?rest_route=\/wp\/v2\/types\/post"}],"author":[{"embeddable":true,"href":"https:\/\/encuentroinformativo.com.mx\/index.php?rest_route=\/wp\/v2\/users\/1"}],"replies":[{"embeddable":true,"href":"https:\/\/encuentroinformativo.com.mx\/index.php?rest_route=%2Fwp%2Fv2%2Fcomments&post=12499"}],"version-history":[{"count":1,"href":"https:\/\/encuentroinformativo.com.mx\/index.php?rest_route=\/wp\/v2\/posts\/12499\/revisions"}],"predecessor-version":[{"id":12501,"href":"https:\/\/encuentroinformativo.com.mx\/index.php?rest_route=\/wp\/v2\/posts\/12499\/revisions\/12501"}],"wp:featuredmedia":[{"embeddable":true,"href":"https:\/\/encuentroinformativo.com.mx\/index.php?rest_route=\/wp\/v2\/media\/12500"}],"wp:attachment":[{"href":"https:\/\/encuentroinformativo.com.mx\/index.php?rest_route=%2Fwp%2Fv2%2Fmedia&parent=12499"}],"wp:term":[{"taxonomy":"category","embeddable":true,"href":"https:\/\/encuentroinformativo.com.mx\/index.php?rest_route=%2Fwp%2Fv2%2Fcategories&post=12499"},{"taxonomy":"post_tag","embeddable":true,"href":"https:\/\/encuentroinformativo.com.mx\/index.php?rest_route=%2Fwp%2Fv2%2Ftags&post=12499"}],"curies":[{"name":"wp","href":"https:\/\/api.w.org\/{rel}","templated":true}]}}