{"id":12507,"date":"2021-03-31T09:31:34","date_gmt":"2021-03-31T15:31:34","guid":{"rendered":"https:\/\/encuentroinformativo.com.mx\/?p=12507"},"modified":"2021-03-31T09:31:40","modified_gmt":"2021-03-31T15:31:40","slug":"algo-raro-pasa-en-coatepec-con-los-morenos","status":"publish","type":"post","link":"https:\/\/encuentroinformativo.com.mx\/?p=12507","title":{"rendered":"ALGO RARO PASA EN COATEPEC CON LOS MORENOS"},"content":{"rendered":"\n<p><strong>@pablojair<\/strong><\/p>\n\n\n\n<ul class=\"wp-block-list\"><li>Pluris federales de Morena: una jarocha llega por t\u00f3mbola.<\/li><li>\u00bfIr\u00e1 solo Davi\u2019 Velasco o cedi\u00f3 el ChecoYunes?<\/li><li>Vinculado a proceso y prisi\u00f3n preventiva para Ram\u00f3n &#8220;N&#8221;.<\/li><\/ul>\n\n\n\n<p>Ratas se quejan de que no les dejan<br>hacer rapi\u00f1a en la Xalapa-Perote\u2026 Abr\u00f3n\u2026<br>\u2014Chopenjawer<\/p>\n\n\n\n<p>En febrero de 2021 se realiz\u00f3 una encuesta &#8211;supuestamente a petici\u00f3n del PRI&#8211; donde se quer\u00eda medir la preferencia en el distrito federal 9, con cabecera en Coatepec.<\/p>\n\n\n\n<p>La casa encuestadora fue la prestigiada De Las Heras-Demotecnia, que hizo el levantamiento del 5 al 7 de febrero, con un 95% de confianza y error estad\u00edstico esperado de +\/- 4.5%.<\/p>\n\n\n\n<p>Tradicionalmente el PAN ha sido el partido dominante en el distrito desde hace varios a\u00f1os y es un basti\u00f3n importante; tuvo cierta recuperaci\u00f3n el PRI en tiempos de Fidel Herrera y Javier Duarte, ganando alcald\u00edas y diputaciones, pero en la elecci\u00f3n m\u00e1s reciente (la de 2018) los n\u00fameros tambi\u00e9n se empezaron a empatar con Morena.<\/p>\n\n\n\n<p>La diputaci\u00f3n federal la gan\u00f3 Morena-PT-PES con 68 mil 600 votos (38%) con la conocida comerciante y empresaria Carmen Mora Garc\u00eda: apenas doscientos votos arriba de la alianza PAN-PRD-MC, que obtuvo el 37% con Esteban de Jes\u00fas Acosta Lagunes.<\/p>\n\n\n\n<p>Tambi\u00e9n se dice que el distrito de Coatepec es &#8220;territorio&#8221; del exsenador y excandidato a la gubernatura por el PRI, Jos\u00e9 Francisco Yunes Zorrilla, por tener gran influencia en la zona de Perote, de donde es originario y su familia tiene residencia y negocios.<\/p>\n\n\n\n<p>En el mismo estudio existe una p\u00e1gina donde se da el detalle de c\u00f3mo le ir\u00eda al perote\u00f1o con la candidatura a diputado federal: Pepe Yunes alcanzar\u00eda el 39% con la alianza PRIANRD (s\u00famele dos puntos m\u00e1s si llegara a apoyarlo Movimiento Ciudadano).<\/p>\n\n\n\n<p>Pero en careo, el candidato m\u00e1s fuerte era el de Morena-PT-Verde, Adri\u00e1n Gonz\u00e1lez Naveda, quien le ganaba con el 58%. Es decir, casi 20 puntos arriba y eso que Pepe Yunes es un personaje m\u00e1s conocido.<\/p>\n\n\n\n<p>El mismo estudio tambi\u00e9n hace una pregunta clave: &#8220;si su actual Diputada Federal Carmen Mora Garc\u00eda decidiera competir en las pr\u00f3ximas elecciones para reelegirse \u00bfusted estar\u00eda dispuesto a votar por ella, o no?&#8221;<\/p>\n\n\n\n<p>Los resultados indican un 55% para el NO; un 19% para el SI, y el resto en un DEPENDE o NO SABE.<\/p>\n\n\n\n<p>Es decir, recapitulando, Pepe Yunes en teor\u00eda ganar\u00eda el distrito federal ahora que se sabe que Carmen Mora buscar\u00e1 la reelecci\u00f3n, de acuerdo a la \u00faltima lista.<\/p>\n\n\n\n<p>Pero la pregunta \u00bfy por qu\u00e9 bajaron de la candidatura a Adri\u00e1n Gonz\u00e1lez Naveda, quien arrasaba por 20 puntos?<\/p>\n\n\n\n<p>Una hip\u00f3tesis (chisme) que corre en los pasillos del poder (abrazo, patroncito) es que desde la Ciudad de M\u00e9xico se tom\u00f3 la decisi\u00f3n de la reelecci\u00f3n de la diputada, aunque esta supuestamente ya hab\u00eda renunciado a la candidatura el 9 de febrero, para darle paso a su hijo Rigoberto como aspirante a la alcald\u00eda.<\/p>\n\n\n\n<p>En ese sentido, la anterior decisi\u00f3n de la c\u00fapula morenista supuestamente est\u00e1 ligada a que el dirigente nacional Mario Delgado Carrillo es contempor\u00e1neo del ITAM, compa\u00f1ero senador y broder de Pepe Yunes, a quien le facilitar\u00eda el camino a la diputaci\u00f3n federal poniendo a una candidata m\u00e1s d\u00e9bil y desgastada.<\/p>\n\n\n\n<p>\u00bfA cambio de qu\u00e9? Se desconoce, pero el distrito 9 pareciera que est\u00e1 siendo negociado de tal manera para que Morena pierda la diputaci\u00f3n federal y pone en riesgo tambi\u00e9n la competici\u00f3n de la alcald\u00eda y la diputaci\u00f3n local.<\/p>\n\n\n\n<p>Dicen los grillos coatepecanos que puede darse el caso de una votaci\u00f3n repartida entre todos los partidos. En la experiencia de este autor, se duda que los electores repartan sus sufragios entre varios partidos, pero ya se ver\u00e1 c\u00f3mo le fue a Morena en un distrito donde ten\u00eda segura la federal.<\/p>\n\n\n\n<p><strong>NOTA PARA PEGAR EN EL REFRI: <\/strong>Que llama la atenci\u00f3n la lista de plurinominales de Morena, donde los primeros 10 lugares de la Circunscripci\u00f3n 3 &#8211;a la que pertenece Veracruz&#8211; no aparece ning\u00fan personaje conocido por la clase pol\u00edtica jarocha\u2026 Por ejemplo, en la posici\u00f3n 1 aparece Rosa Mar\u00eda Alvarado Murgu\u00eda, quien es candidata por el m\u00e9todo de la t\u00f3mbola y se le ubica como militante de Morena en Las Choapas (por su posici\u00f3n ya gan\u00f3 sin mayor esfuerzo una diputaci\u00f3n federal)\u2026 En la posici\u00f3n 2 est\u00e1 el exsenador y empresario tabasque\u00f1o Oscar Cant\u00f3n Zetina; en la tercera aparece la conocida empresaria y tiburona chiapaneca Patricia Armend\u00e1riz; le sigue un l\u00edder del movimiento estudiantil de Ayotzinapa (cuyo nombre es confuso, porque lo cambia) que se identifica como Manuel V\u00e1zquez Arellano &#8220;Omar Garc\u00eda&#8221;, y entra a la lista seg\u00fan por ser ind\u00edgena\u2026 Le precede Blanca Carolina P\u00e9rez Guti\u00e9rrez, de quien no aparece gran cosa, excepto que es de Chiapas\u2026 Le siguen tres ind\u00edgenas: Alfredo Aurelio Gonz\u00e1lez Cruz, ligado a la SNTE en Oaxaca; Rosalinda Dom\u00ednguez Flores, diputada federal actual por el estado natal de Benito Ju\u00e1rez; Ir\u00e1n Santiago Manuel, tambi\u00e9n legislador federal ind\u00edgena de Oaxaca; la maestra Sonia Rinc\u00f3n Chanona, designada, ligada al magisterio y el SNTE, en la posici\u00f3n 9; y finalmente Mario Alberto Torres Escudero, migrante, quien aparece como vendedor de bienes ra\u00edces en Northridge, California.<\/p>\n\n\n\n<p><strong>OTRA NOTA<\/strong>: Que este mi\u00e9rcoles, en la sede del Comit\u00e9 Directivo Estatal del Partido Revolucionario Institucional (PRI) en Veracruz, se dar\u00e1 una conferencia de prensa encabezada por el dirigente Marlon Ram\u00edrez Mar\u00edn, en la que presentar\u00e1 el posicionamiento oficial con respecto a la alianza electoral Veracruz Va, referente a la capital del estado\u2026 Todo parece indicar que la alianza en Xalapa por fin pudo vencer el ego de los panistas y su dirigente nacional Marko Cortes, que sali\u00f3 m\u00e1s Moreno que Alejandro o \u00bfser\u00e1 que David Velasco tambi\u00e9n se va a empecinar en ir solo y poner en riesgo la capital de Veracruz?<\/p>\n\n\n\n<p><strong>LA \u00daLTIMA PORQUE ME VOY A NASSAU: <\/strong>Que esta tarde-noche de martes qued\u00f3 formalmente vinculado a proceso Ram\u00f3n &#8220;N&#8221; y se le dict\u00f3 una medida cautelar de prisi\u00f3n preventiva durante un a\u00f1o por su probable responsabilidad en la comisi\u00f3n de los delitos de portaci\u00f3n de armas de fuego de uso exclusivo del Ej\u00e9rcito, delitos contra la salud y ultrajes a la autoridad. Por si no lo ubica, fue el l\u00edder de la CATEM y empresario transportista detenido en recientes d\u00edas en Coatzacoalcos, al que le atribuyen una riqueza inexplicable y amistades peligrosas.<\/p>\n","protected":false},"excerpt":{"rendered":"<p>@pablojair Pluris federales de Morena: una jarocha llega por t\u00f3mbola. \u00bfIr\u00e1 solo Davi\u2019 Velasco o cedi\u00f3 el ChecoYunes? Vinculado a proceso y prisi\u00f3n preventiva para Ram\u00f3n &#8220;N&#8221;. Ratas se quejan de que no les dejanhacer rapi\u00f1a en la Xalapa-Perote\u2026 Abr\u00f3n\u2026\u2014Chopenjawer En febrero de 2021 se realiz\u00f3 una encuesta &#8211;supuestamente a petici\u00f3n del PRI&#8211; donde se [&hellip;]<\/p>\n","protected":false},"author":1,"featured_media":488,"comment_status":"open","ping_status":"open","sticky":false,"template":"","format":"standard","meta":{"_jetpack_memberships_contains_paid_content":false,"footnotes":""},"categories":[11],"tags":[],"class_list":["post-12507","post","type-post","status-publish","format-standard","has-post-thumbnail","hentry","category-opinion"],"jetpack_featured_media_url":"https:\/\/encuentroinformativo.com.mx\/wp-content\/uploads\/2020\/03\/F471F608-BA1A-416B-BA7B-BCFB24F4E6D0.jpeg","jetpack_sharing_enabled":true,"jetpack_likes_enabled":true,"amp_enabled":true,"_links":{"self":[{"href":"https:\/\/encuentroinformativo.com.mx\/index.php?rest_route=\/wp\/v2\/posts\/12507","targetHints":{"allow":["GET"]}}],"collection":[{"href":"https:\/\/encuentroinformativo.com.mx\/index.php?rest_route=\/wp\/v2\/posts"}],"about":[{"href":"https:\/\/encuentroinformativo.com.mx\/index.php?rest_route=\/wp\/v2\/types\/post"}],"author":[{"embeddable":true,"href":"https:\/\/encuentroinformativo.com.mx\/index.php?rest_route=\/wp\/v2\/users\/1"}],"replies":[{"embeddable":true,"href":"https:\/\/encuentroinformativo.com.mx\/index.php?rest_route=%2Fwp%2Fv2%2Fcomments&post=12507"}],"version-history":[{"count":1,"href":"https:\/\/encuentroinformativo.com.mx\/index.php?rest_route=\/wp\/v2\/posts\/12507\/revisions"}],"predecessor-version":[{"id":12508,"href":"https:\/\/encuentroinformativo.com.mx\/index.php?rest_route=\/wp\/v2\/posts\/12507\/revisions\/12508"}],"wp:featuredmedia":[{"embeddable":true,"href":"https:\/\/encuentroinformativo.com.mx\/index.php?rest_route=\/wp\/v2\/media\/488"}],"wp:attachment":[{"href":"https:\/\/encuentroinformativo.com.mx\/index.php?rest_route=%2Fwp%2Fv2%2Fmedia&parent=12507"}],"wp:term":[{"taxonomy":"category","embeddable":true,"href":"https:\/\/encuentroinformativo.com.mx\/index.php?rest_route=%2Fwp%2Fv2%2Fcategories&post=12507"},{"taxonomy":"post_tag","embeddable":true,"href":"https:\/\/encuentroinformativo.com.mx\/index.php?rest_route=%2Fwp%2Fv2%2Ftags&post=12507"}],"curies":[{"name":"wp","href":"https:\/\/api.w.org\/{rel}","templated":true}]}}