{"id":12515,"date":"2021-03-31T10:36:05","date_gmt":"2021-03-31T16:36:05","guid":{"rendered":"https:\/\/encuentroinformativo.com.mx\/?p=12515"},"modified":"2021-03-31T10:36:10","modified_gmt":"2021-03-31T16:36:10","slug":"no-sere-obstaculo-para-la-alianza-david-velasco","status":"publish","type":"post","link":"https:\/\/encuentroinformativo.com.mx\/?p=12515","title":{"rendered":"No ser\u00e9 obst\u00e1culo para la Alianza: David Velasco"},"content":{"rendered":"\n<p><strong>Redacci\u00f3n<\/strong><\/p>\n\n\n\n<p>Xalapa, Ver.- Sin precisar si declina o no en sus aspiraciones para buscar la alcald\u00eda de la capital del estado, el empresario David Velasco Chedraui afirm\u00f3 que \u00e9l no ser\u00e1 un obst\u00e1culo para que la alianza se concrete en el municipio de Xalapa.&nbsp;<\/p>\n\n\n\n<p>En una breve conferencia de prensa, acompa\u00f1ado del l\u00edder estatal del PRI Marlon Ram\u00edrez, el empresario xalape\u00f1o y ex alcalde de la ciudad, coment\u00f3 que desde hace varios meses comenz\u00f3 a realizar recorridos donde la ciudadan\u00eda le expres\u00f3 sus preocupaciones por las condiciones actuales en que se encuentra el municipio.&nbsp;<\/p>\n\n\n\n<p>\u201cEl escenario actual, me obliga a reflexionar sobre la imperiosa necesidad de que nos mantengamos unidos para mejorar la econom\u00eda y la infraestructura de la ciudad, por lo tanto debo decir que sobre el inter\u00e9s personal de servicio se encuentra el inter\u00e9s colectivo de que se logre un cambio de fondo con o sin el nombre de David Velasco, el amor a Xalapa me puede m\u00e1s\u201d.&nbsp;<\/p>\n\n\n\n<p>Ante lo cual hizo un llamado a los partidos pol\u00edticos que conforman la alianza Va por M\u00e9xico, que son PAN, PRD y PRI para mantenerse unidos en la capital del estado.&nbsp;<\/p>\n\n\n\n<p>Por eso convoco a las tres fuerzas pol\u00edticas -precis\u00f3- de la coalici\u00f3n Va por M\u00e9xico a mantenerse unidos para recuperar la ciudad que nos han arrebatado, David Velasco no ser\u00e1 un obst\u00e1culo sino al contrario un apoyo m\u00e1s en aras de reconstruir la ciudad.&nbsp;<\/p>\n\n\n\n<p>Finalmente Velasco Chedraui reiter\u00f3 que lo \u00fanico que lo mueve para buscar contender por segunda ocasi\u00f3n a la presidencia municipal de la ciudad es \u201cel servicio y el \u00e1nimo del trabajo\u201d.<\/p>\n","protected":false},"excerpt":{"rendered":"<p>Redacci\u00f3n Xalapa, Ver.- Sin precisar si declina o no en sus aspiraciones para buscar la alcald\u00eda de la capital del estado, el empresario David Velasco Chedraui afirm\u00f3 que \u00e9l no ser\u00e1 un obst\u00e1culo para que la alianza se concrete en el municipio de Xalapa.&nbsp; En una breve conferencia de prensa, acompa\u00f1ado del l\u00edder estatal del [&hellip;]<\/p>\n","protected":false},"author":1,"featured_media":12516,"comment_status":"open","ping_status":"open","sticky":false,"template":"","format":"standard","meta":{"_jetpack_memberships_contains_paid_content":false,"footnotes":""},"categories":[3],"tags":[],"class_list":["post-12515","post","type-post","status-publish","format-standard","has-post-thumbnail","hentry","category-xalapa"],"jetpack_featured_media_url":"https:\/\/encuentroinformativo.com.mx\/wp-content\/uploads\/2021\/03\/F599459A-D4BE-4623-B64C-5616F9D84C34.jpeg","jetpack_sharing_enabled":true,"jetpack_likes_enabled":true,"amp_enabled":true,"_links":{"self":[{"href":"https:\/\/encuentroinformativo.com.mx\/index.php?rest_route=\/wp\/v2\/posts\/12515","targetHints":{"allow":["GET"]}}],"collection":[{"href":"https:\/\/encuentroinformativo.com.mx\/index.php?rest_route=\/wp\/v2\/posts"}],"about":[{"href":"https:\/\/encuentroinformativo.com.mx\/index.php?rest_route=\/wp\/v2\/types\/post"}],"author":[{"embeddable":true,"href":"https:\/\/encuentroinformativo.com.mx\/index.php?rest_route=\/wp\/v2\/users\/1"}],"replies":[{"embeddable":true,"href":"https:\/\/encuentroinformativo.com.mx\/index.php?rest_route=%2Fwp%2Fv2%2Fcomments&post=12515"}],"version-history":[{"count":1,"href":"https:\/\/encuentroinformativo.com.mx\/index.php?rest_route=\/wp\/v2\/posts\/12515\/revisions"}],"predecessor-version":[{"id":12517,"href":"https:\/\/encuentroinformativo.com.mx\/index.php?rest_route=\/wp\/v2\/posts\/12515\/revisions\/12517"}],"wp:featuredmedia":[{"embeddable":true,"href":"https:\/\/encuentroinformativo.com.mx\/index.php?rest_route=\/wp\/v2\/media\/12516"}],"wp:attachment":[{"href":"https:\/\/encuentroinformativo.com.mx\/index.php?rest_route=%2Fwp%2Fv2%2Fmedia&parent=12515"}],"wp:term":[{"taxonomy":"category","embeddable":true,"href":"https:\/\/encuentroinformativo.com.mx\/index.php?rest_route=%2Fwp%2Fv2%2Fcategories&post=12515"},{"taxonomy":"post_tag","embeddable":true,"href":"https:\/\/encuentroinformativo.com.mx\/index.php?rest_route=%2Fwp%2Fv2%2Ftags&post=12515"}],"curies":[{"name":"wp","href":"https:\/\/api.w.org\/{rel}","templated":true}]}}