{"id":12533,"date":"2021-03-31T14:25:52","date_gmt":"2021-03-31T20:25:52","guid":{"rendered":"https:\/\/encuentroinformativo.com.mx\/?p=12533"},"modified":"2021-03-31T14:25:54","modified_gmt":"2021-03-31T20:25:54","slug":"develan-placa-en-memoria-de-victimas-de-crimenes-de-odio","status":"publish","type":"post","link":"https:\/\/encuentroinformativo.com.mx\/?p=12533","title":{"rendered":"Develan placa en memoria de v\u00edctimas de cr\u00edmenes de odio"},"content":{"rendered":"\n<p><strong>Juan Arcos <\/strong><\/p>\n\n\n\n<p>Xalapa, Ver.- En memoria a las v\u00edctimas de cr\u00edmenes\u00a0de odio por homofobia, el ayuntamiento de Xalapa y colectivos de la diversidad sexual del estado de Veracruz develaron una placa en esta ciudad capital.<\/p>\n\n\n\n<p>Esto sucedi\u00f3 la ma\u00f1ana de este mi\u00e9rcoles 31 de marzo, sobre la avenida 20 de Noviembre, frente al pante\u00f3n Palo Verde y el monumento de Araucarias.<\/p>\n\n\n\n<p>\u201cTuve que luchar mucho para ser yo mismo\/a y para ser respetado\/a. Sufr\u00ed durante a\u00f1os porque ten\u00eda miedo de estar fuera del armario y cuando al fin lo hice, no fue suficiente&#8230; la homofobia me arrebat\u00f3 la vida\u201d, dice el texto de la placa.<\/p>\n\n\n\n<p>De acuerdo con Leonardo Ruiz Moreno, presidente de Orgullo Xalapa, en la entidad han sido denunciados 128 cr\u00edmenes de odio ante la Fiscal\u00eda General del Estado (FGE), desde hace cinco a\u00f1os.<\/p>\n\n\n\n<p>Sin embargo, hasta el momento, s\u00f3lo dos casos han sido esclarecidos, dict\u00e1ndose una sentencia en contra de los presuntos responsables de estos asesinatos.<\/p>\n\n\n\n<p>Uno de los casos resueltos fue el del activista Abir\u00e1m Hern\u00e1ndez, encontrado sin vida el 30 de marzo de 2019, en la ciudad de Xalapa, quien acompa\u00f1aba a familiares de personas desaparecidas.<\/p>\n\n\n\n<p>\u201cEl otro caso resuelto fue del Puerto de Veracruz\u201d, expres\u00f3 el defensor de los derechos de la comunidad L\u00e9sbico, Gay, Bisexual y Transexual (LGBT).<\/p>\n\n\n\n<p>Ruiz Moreno denunci\u00f3 que contin\u00faa el hostigamiento contra las trabajadoras Transexuales de la avenida L\u00e1zaro C\u00e1rdenas por parte de polic\u00edas y que persiste la discriminaci\u00f3n contra dicho sector de la poblaci\u00f3n.<\/p>\n","protected":false},"excerpt":{"rendered":"<p>Juan Arcos Xalapa, Ver.- En memoria a las v\u00edctimas de cr\u00edmenes\u00a0de odio por homofobia, el ayuntamiento de Xalapa y colectivos de la diversidad sexual del estado de Veracruz develaron una placa en esta ciudad capital. Esto sucedi\u00f3 la ma\u00f1ana de este mi\u00e9rcoles 31 de marzo, sobre la avenida 20 de Noviembre, frente al pante\u00f3n Palo [&hellip;]<\/p>\n","protected":false},"author":1,"featured_media":12534,"comment_status":"open","ping_status":"open","sticky":false,"template":"","format":"standard","meta":{"_jetpack_memberships_contains_paid_content":false,"footnotes":""},"categories":[3],"tags":[],"class_list":["post-12533","post","type-post","status-publish","format-standard","has-post-thumbnail","hentry","category-xalapa"],"jetpack_featured_media_url":"https:\/\/encuentroinformativo.com.mx\/wp-content\/uploads\/2021\/03\/BF22A67A-ECB9-4657-A3AB-B7D1B71A19FF.jpeg","jetpack_sharing_enabled":true,"jetpack_likes_enabled":true,"amp_enabled":true,"_links":{"self":[{"href":"https:\/\/encuentroinformativo.com.mx\/index.php?rest_route=\/wp\/v2\/posts\/12533","targetHints":{"allow":["GET"]}}],"collection":[{"href":"https:\/\/encuentroinformativo.com.mx\/index.php?rest_route=\/wp\/v2\/posts"}],"about":[{"href":"https:\/\/encuentroinformativo.com.mx\/index.php?rest_route=\/wp\/v2\/types\/post"}],"author":[{"embeddable":true,"href":"https:\/\/encuentroinformativo.com.mx\/index.php?rest_route=\/wp\/v2\/users\/1"}],"replies":[{"embeddable":true,"href":"https:\/\/encuentroinformativo.com.mx\/index.php?rest_route=%2Fwp%2Fv2%2Fcomments&post=12533"}],"version-history":[{"count":1,"href":"https:\/\/encuentroinformativo.com.mx\/index.php?rest_route=\/wp\/v2\/posts\/12533\/revisions"}],"predecessor-version":[{"id":12535,"href":"https:\/\/encuentroinformativo.com.mx\/index.php?rest_route=\/wp\/v2\/posts\/12533\/revisions\/12535"}],"wp:featuredmedia":[{"embeddable":true,"href":"https:\/\/encuentroinformativo.com.mx\/index.php?rest_route=\/wp\/v2\/media\/12534"}],"wp:attachment":[{"href":"https:\/\/encuentroinformativo.com.mx\/index.php?rest_route=%2Fwp%2Fv2%2Fmedia&parent=12533"}],"wp:term":[{"taxonomy":"category","embeddable":true,"href":"https:\/\/encuentroinformativo.com.mx\/index.php?rest_route=%2Fwp%2Fv2%2Fcategories&post=12533"},{"taxonomy":"post_tag","embeddable":true,"href":"https:\/\/encuentroinformativo.com.mx\/index.php?rest_route=%2Fwp%2Fv2%2Ftags&post=12533"}],"curies":[{"name":"wp","href":"https:\/\/api.w.org\/{rel}","templated":true}]}}