{"id":12536,"date":"2021-03-31T14:31:29","date_gmt":"2021-03-31T20:31:29","guid":{"rendered":"https:\/\/encuentroinformativo.com.mx\/?p=12536"},"modified":"2021-03-31T14:31:36","modified_gmt":"2021-03-31T20:31:36","slug":"pandemia-aumento-desercion-escolar-en-la-uv","status":"publish","type":"post","link":"https:\/\/encuentroinformativo.com.mx\/?p=12536","title":{"rendered":"Pandemia aument\u00f3 deserci\u00f3n escolar en la UV"},"content":{"rendered":"\n<p><strong>Juan Arcos <\/strong><\/p>\n\n\n\n<p>Xalapa, Ver.- En el \u00faltimo a\u00f1o aument\u00f3 el \u00edndice de deserci\u00f3n escolar en la Universidad Veracruzana (UV), derivado de la pandemia del SARS-COV-2 (COVID-19), revel\u00f3 la rectora Sara Ladr\u00f3n de Guevara Gonz\u00e1lez.<\/p>\n\n\n\n<p>La acad\u00e9mica no precis\u00f3 la situaci\u00f3n porcentual de \u00e9sta problem\u00e1tica; sin embargo, asever\u00f3 que muchos alumnos decidieron darse de baja temporal, hasta que regresen las clases presenciales.<\/p>\n\n\n\n<p>&#8220;La Secretar\u00eda Acad\u00e9mica dio una informaci\u00f3n hace como un semestre y no era tan grave como en otros espacios pero ya llevamos mucho tiempo, entonces no dudo que esta deserci\u00f3n se haya incrementado, y habr\u00e1 j\u00f3venes que piensan: me doy de baja en este momento y regresar\u00e9 cuando sea presencial\u201d, expres\u00f3.<\/p>\n\n\n\n<p>La entrevistada mencion\u00f3 que la falta de acceso a internet no fue un factor determinante en el incremento de los \u00edndices de deserci\u00f3n escolar en la m\u00e1xima casa de estudios del estado.<\/p>\n\n\n\n<p>En ese sentido, detall\u00f3 que en las cuatro sedes de la Universidad Veracruzana Intercultural, los profesores desarrollaron algunas t\u00e9cnicas para llevar los materiales did\u00e1cticos a los hogares de los estudiantes.<\/p>\n\n\n\n<p>Por otra parte, indic\u00f3 que algunos docentes de la UV ya se han vacuna contra el coronavirus al ser mayores de 60 a\u00f1os.<\/p>\n\n\n\n<p>Adem\u00e1s, enfatiz\u00f3 que se analiza la posibilidad de crear un registro donde se contemplen no s\u00f3lo a los docentes, sino tambi\u00e9n, al resto de trabajadores de la instituci\u00f3n.\u00a0<\/p>\n","protected":false},"excerpt":{"rendered":"<p>Juan Arcos Xalapa, Ver.- En el \u00faltimo a\u00f1o aument\u00f3 el \u00edndice de deserci\u00f3n escolar en la Universidad Veracruzana (UV), derivado de la pandemia del SARS-COV-2 (COVID-19), revel\u00f3 la rectora Sara Ladr\u00f3n de Guevara Gonz\u00e1lez. La acad\u00e9mica no precis\u00f3 la situaci\u00f3n porcentual de \u00e9sta problem\u00e1tica; sin embargo, asever\u00f3 que muchos alumnos decidieron darse de baja temporal, [&hellip;]<\/p>\n","protected":false},"author":1,"featured_media":12537,"comment_status":"open","ping_status":"open","sticky":false,"template":"","format":"standard","meta":{"_jetpack_memberships_contains_paid_content":false,"footnotes":""},"categories":[2],"tags":[],"class_list":["post-12536","post","type-post","status-publish","format-standard","has-post-thumbnail","hentry","category-estado"],"jetpack_featured_media_url":"https:\/\/encuentroinformativo.com.mx\/wp-content\/uploads\/2021\/03\/8CEB79D1-51EF-4BB6-B624-A697DD348A81.jpeg","jetpack_sharing_enabled":true,"jetpack_likes_enabled":true,"amp_enabled":true,"_links":{"self":[{"href":"https:\/\/encuentroinformativo.com.mx\/index.php?rest_route=\/wp\/v2\/posts\/12536","targetHints":{"allow":["GET"]}}],"collection":[{"href":"https:\/\/encuentroinformativo.com.mx\/index.php?rest_route=\/wp\/v2\/posts"}],"about":[{"href":"https:\/\/encuentroinformativo.com.mx\/index.php?rest_route=\/wp\/v2\/types\/post"}],"author":[{"embeddable":true,"href":"https:\/\/encuentroinformativo.com.mx\/index.php?rest_route=\/wp\/v2\/users\/1"}],"replies":[{"embeddable":true,"href":"https:\/\/encuentroinformativo.com.mx\/index.php?rest_route=%2Fwp%2Fv2%2Fcomments&post=12536"}],"version-history":[{"count":1,"href":"https:\/\/encuentroinformativo.com.mx\/index.php?rest_route=\/wp\/v2\/posts\/12536\/revisions"}],"predecessor-version":[{"id":12538,"href":"https:\/\/encuentroinformativo.com.mx\/index.php?rest_route=\/wp\/v2\/posts\/12536\/revisions\/12538"}],"wp:featuredmedia":[{"embeddable":true,"href":"https:\/\/encuentroinformativo.com.mx\/index.php?rest_route=\/wp\/v2\/media\/12537"}],"wp:attachment":[{"href":"https:\/\/encuentroinformativo.com.mx\/index.php?rest_route=%2Fwp%2Fv2%2Fmedia&parent=12536"}],"wp:term":[{"taxonomy":"category","embeddable":true,"href":"https:\/\/encuentroinformativo.com.mx\/index.php?rest_route=%2Fwp%2Fv2%2Fcategories&post=12536"},{"taxonomy":"post_tag","embeddable":true,"href":"https:\/\/encuentroinformativo.com.mx\/index.php?rest_route=%2Fwp%2Fv2%2Ftags&post=12536"}],"curies":[{"name":"wp","href":"https:\/\/api.w.org\/{rel}","templated":true}]}}