{"id":12539,"date":"2021-03-31T14:50:17","date_gmt":"2021-03-31T20:50:17","guid":{"rendered":"https:\/\/encuentroinformativo.com.mx\/?p=12539"},"modified":"2021-03-31T14:50:22","modified_gmt":"2021-03-31T20:50:22","slug":"construccion-de-memorial-del-recuerdo-presenta-avance-del-30","status":"publish","type":"post","link":"https:\/\/encuentroinformativo.com.mx\/?p=12539","title":{"rendered":"Construcci\u00f3n de Memorial del Recuerdo presenta avance del 30%"},"content":{"rendered":"\n<p><strong>Juan Arcos <\/strong><\/p>\n\n\n\n<p>Xalapa, Ver.- A m\u00e1s tardar en cuatro meses ser\u00e1 inaugurado el \u201cMemorial del Recuerdo\u201d de personas desaparecidas que se construye sobre la glorieta de las avenidas Orizaba y Xalapa, en esta ciudad capital.<\/p>\n\n\n\n<p>La ma\u00f1ana de este mi\u00e9rcoles, integrantes de los colectivos Familiares Enlaces Xalapa y Buscando a Nuestros Desaparecidos y Desaparecidas Veracruz acudieron al lugar para realizar faena.<\/p>\n\n\n\n<p>De acuerdo con Carlos Salda\u00f1a Grajales, padre de Karla Nallely Salda\u00f1a Grajales y Jes\u00fas Alberto Estrada Mart\u00ednez, quienes desaparecieron el 29 de noviembre de 2011, ser\u00e1n colocadas las fotograf\u00edas de 32 desaparecidos en el mencionado lugar.<\/p>\n\n\n\n<p>\u201cTenemos de avance como 30 por ciento, quiz\u00e1s un poco m\u00e1s porque es de colar la base, la cimentaci\u00f3n, que es la que va a llevar la estructura, que es un cubo elevado. Lo dem\u00e1s ser\u00e1 ensamblado, es una estructura de acero\u201d.<\/p>\n\n\n\n<p>Se trata de un puente peatonal donde las familias contar\u00e1n con un espacio para llevar arreglos florales y otras ofrendas a sus desaparecidos.<\/p>\n\n\n\n<p>Cabe recordar que el espacio fue otorgado por el Cabildo xalape\u00f1o el 29 de diciembre de 2017, en la administraci\u00f3n de Am\u00e9rico Zu\u00f1iga Mart\u00ednez.<\/p>\n\n\n\n<p>Salda\u00f1a Grajales record\u00f3 que los colectivos mencionados recaudaron fondos desde 2016, para aportar recursos econ\u00f3micos destinados a dicha obra.<\/p>\n\n\n\n<p>\u201cEsto fue una lucha que iniciamos, el recurso sali\u00f3 del trabajo de nosotros tocando puertas, hemos hecho boteos, vendimias y tocado puertas\u201d, enfatiz\u00f3.<\/p>\n\n\n\n<p>Por su parte, Victoria Delgadillo Romero, del colectivo Familiares Enlaces Xalapa, quien busca a su hija Yunery Citlally Hern\u00e1ndez Delgadillo, desde noviembre de 2011, mencion\u00f3 que todos los d\u00edas han acudido al lugar para supervisar que los trabajos se lleven a cabo.<\/p>\n","protected":false},"excerpt":{"rendered":"<p>Juan Arcos Xalapa, Ver.- A m\u00e1s tardar en cuatro meses ser\u00e1 inaugurado el \u201cMemorial del Recuerdo\u201d de personas desaparecidas que se construye sobre la glorieta de las avenidas Orizaba y Xalapa, en esta ciudad capital. La ma\u00f1ana de este mi\u00e9rcoles, integrantes de los colectivos Familiares Enlaces Xalapa y Buscando a Nuestros Desaparecidos y Desaparecidas Veracruz [&hellip;]<\/p>\n","protected":false},"author":1,"featured_media":12540,"comment_status":"open","ping_status":"open","sticky":false,"template":"","format":"standard","meta":{"_jetpack_memberships_contains_paid_content":false,"footnotes":""},"categories":[3],"tags":[],"class_list":["post-12539","post","type-post","status-publish","format-standard","has-post-thumbnail","hentry","category-xalapa"],"jetpack_featured_media_url":"https:\/\/encuentroinformativo.com.mx\/wp-content\/uploads\/2021\/03\/DFB70C51-A9FE-4B34-80EF-F82506384570.jpeg","jetpack_sharing_enabled":true,"jetpack_likes_enabled":true,"amp_enabled":true,"_links":{"self":[{"href":"https:\/\/encuentroinformativo.com.mx\/index.php?rest_route=\/wp\/v2\/posts\/12539","targetHints":{"allow":["GET"]}}],"collection":[{"href":"https:\/\/encuentroinformativo.com.mx\/index.php?rest_route=\/wp\/v2\/posts"}],"about":[{"href":"https:\/\/encuentroinformativo.com.mx\/index.php?rest_route=\/wp\/v2\/types\/post"}],"author":[{"embeddable":true,"href":"https:\/\/encuentroinformativo.com.mx\/index.php?rest_route=\/wp\/v2\/users\/1"}],"replies":[{"embeddable":true,"href":"https:\/\/encuentroinformativo.com.mx\/index.php?rest_route=%2Fwp%2Fv2%2Fcomments&post=12539"}],"version-history":[{"count":1,"href":"https:\/\/encuentroinformativo.com.mx\/index.php?rest_route=\/wp\/v2\/posts\/12539\/revisions"}],"predecessor-version":[{"id":12541,"href":"https:\/\/encuentroinformativo.com.mx\/index.php?rest_route=\/wp\/v2\/posts\/12539\/revisions\/12541"}],"wp:featuredmedia":[{"embeddable":true,"href":"https:\/\/encuentroinformativo.com.mx\/index.php?rest_route=\/wp\/v2\/media\/12540"}],"wp:attachment":[{"href":"https:\/\/encuentroinformativo.com.mx\/index.php?rest_route=%2Fwp%2Fv2%2Fmedia&parent=12539"}],"wp:term":[{"taxonomy":"category","embeddable":true,"href":"https:\/\/encuentroinformativo.com.mx\/index.php?rest_route=%2Fwp%2Fv2%2Fcategories&post=12539"},{"taxonomy":"post_tag","embeddable":true,"href":"https:\/\/encuentroinformativo.com.mx\/index.php?rest_route=%2Fwp%2Fv2%2Ftags&post=12539"}],"curies":[{"name":"wp","href":"https:\/\/api.w.org\/{rel}","templated":true}]}}