{"id":12542,"date":"2021-03-31T11:58:39","date_gmt":"2021-03-31T17:58:39","guid":{"rendered":"https:\/\/encuentroinformativo.com.mx\/?p=12542"},"modified":"2021-03-31T15:04:04","modified_gmt":"2021-03-31T21:04:04","slug":"panistas-rechazan-alianza-quieren-ir-solos-en-xalapa","status":"publish","type":"post","link":"https:\/\/encuentroinformativo.com.mx\/?p=12542","title":{"rendered":"Panistas rechazan alianza, quieren ir \u201csolos\u201d en Xalapa"},"content":{"rendered":"\n<p><strong>Dar\u00edo Pale <\/strong><\/p>\n\n\n\n<p>Xalapa, Ver.- Insiste en ir solo en el pr\u00f3ximo proceso electoral a celebrarse en el seis de junio del presente a\u00f1o, as\u00ed lo declar\u00f3 el\u00a0candidato a la alcald\u00eda de Xalapa por el Partido Acci\u00f3n Nacional (PAN), Sergio Hern\u00e1ndez Hern\u00e1ndez.<\/p>\n\n\n\n<p>En entrevista dej\u00f3 en claro que no declinar\u00e1 en ning\u00fan momento a favor de otro candidato, incluso dijo, cree en su proyecto y en los votos que las y los xalape\u00f1os le puedan aportar,\u00a0expuso que puede lograr m\u00e1s de los 80 mil votos, adem\u00e1s de que le ayudar\u00e1 el hartazgo de que la gente est\u00e1 cansada de la manera de gobernar de Morena.<\/p>\n\n\n\n<p>Cabe mencionar que este mi\u00e9rcoles, el precandidato a la alcald\u00eda de Xalapa por el PRI, pidi\u00f3 a las dirigencias de su partido del PAN y del PRD a definir si van en alianza o no.\u00a0<br>Sin embargo Hern\u00e1ndez Hern\u00e1ndez fue claro al decir que no ir\u00e1 abanderado de la alianza \u201cVeracruz Va\u201d que mantienen el PRI, PAN y PRD en algunos distritos y municipios.<\/p>\n\n\n\n<p>\u201cAcci\u00f3n Nacional tiene muy claro que debe de ir solo; al final el proyecto por su puesto que Acci\u00f3n Nacional est\u00e1 preparado\u201d, se\u00f1al\u00f3.<\/p>\n\n\n\n<p>El aspirante a la alcald\u00eda de Xalapa mencion\u00f3 que buscar\u00e1 la unidad de la militancia, aunque record\u00f3 que los problemas de Acci\u00f3n Nacional se resuelven de manera democr\u00e1tica, por lo cual ya se llev\u00f3 una elecci\u00f3n interna el pasado 14 de febrero.<\/p>\n\n\n\n<p>\u201cLo problemas de Acci\u00f3n Nacional se resuelven de manera democr\u00e1tica en estos proceso internos, ya hay una unidad, ya hay una decisi\u00f3n tomada y el 14 de febrero fue esa decisi\u00f3n\u201d, finaliz\u00f3<\/p>\n","protected":false},"excerpt":{"rendered":"<p>Dar\u00edo Pale Xalapa, Ver.- Insiste en ir solo en el pr\u00f3ximo proceso electoral a celebrarse en el seis de junio del presente a\u00f1o, as\u00ed lo declar\u00f3 el\u00a0candidato a la alcald\u00eda de Xalapa por el Partido Acci\u00f3n Nacional (PAN), Sergio Hern\u00e1ndez Hern\u00e1ndez. En entrevista dej\u00f3 en claro que no declinar\u00e1 en ning\u00fan momento a favor de [&hellip;]<\/p>\n","protected":false},"author":1,"featured_media":2065,"comment_status":"open","ping_status":"open","sticky":false,"template":"","format":"standard","meta":{"_jetpack_memberships_contains_paid_content":false,"footnotes":""},"categories":[3],"tags":[],"class_list":["post-12542","post","type-post","status-publish","format-standard","has-post-thumbnail","hentry","category-xalapa"],"jetpack_featured_media_url":"https:\/\/encuentroinformativo.com.mx\/wp-content\/uploads\/2020\/04\/D4A576B1-BBBD-46AB-8DBB-31CF657C6138.jpeg","jetpack_sharing_enabled":true,"jetpack_likes_enabled":true,"amp_enabled":true,"_links":{"self":[{"href":"https:\/\/encuentroinformativo.com.mx\/index.php?rest_route=\/wp\/v2\/posts\/12542","targetHints":{"allow":["GET"]}}],"collection":[{"href":"https:\/\/encuentroinformativo.com.mx\/index.php?rest_route=\/wp\/v2\/posts"}],"about":[{"href":"https:\/\/encuentroinformativo.com.mx\/index.php?rest_route=\/wp\/v2\/types\/post"}],"author":[{"embeddable":true,"href":"https:\/\/encuentroinformativo.com.mx\/index.php?rest_route=\/wp\/v2\/users\/1"}],"replies":[{"embeddable":true,"href":"https:\/\/encuentroinformativo.com.mx\/index.php?rest_route=%2Fwp%2Fv2%2Fcomments&post=12542"}],"version-history":[{"count":1,"href":"https:\/\/encuentroinformativo.com.mx\/index.php?rest_route=\/wp\/v2\/posts\/12542\/revisions"}],"predecessor-version":[{"id":12543,"href":"https:\/\/encuentroinformativo.com.mx\/index.php?rest_route=\/wp\/v2\/posts\/12542\/revisions\/12543"}],"wp:featuredmedia":[{"embeddable":true,"href":"https:\/\/encuentroinformativo.com.mx\/index.php?rest_route=\/wp\/v2\/media\/2065"}],"wp:attachment":[{"href":"https:\/\/encuentroinformativo.com.mx\/index.php?rest_route=%2Fwp%2Fv2%2Fmedia&parent=12542"}],"wp:term":[{"taxonomy":"category","embeddable":true,"href":"https:\/\/encuentroinformativo.com.mx\/index.php?rest_route=%2Fwp%2Fv2%2Fcategories&post=12542"},{"taxonomy":"post_tag","embeddable":true,"href":"https:\/\/encuentroinformativo.com.mx\/index.php?rest_route=%2Fwp%2Fv2%2Ftags&post=12542"}],"curies":[{"name":"wp","href":"https:\/\/api.w.org\/{rel}","templated":true}]}}