{"id":1255,"date":"2020-03-25T11:55:08","date_gmt":"2020-03-25T17:55:08","guid":{"rendered":"https:\/\/encuentroinformativo.com\/?p=1255"},"modified":"2020-03-25T11:55:10","modified_gmt":"2020-03-25T17:55:10","slug":"empleados-de-delegaciones-de-la-sev-demandan-suspender-labores","status":"publish","type":"post","link":"https:\/\/encuentroinformativo.com.mx\/?p=1255","title":{"rendered":"Empleados de delegaciones de la SEV demandan suspender labores"},"content":{"rendered":"\n<p><strong>Juan Arcos<\/strong><\/p>\n\n\n\n<p>Coatepec, Ver.- Personal de la Secretar\u00eda de Educaci\u00f3n de Veracruz (SEV), delegaci\u00f3n Coatepec, bloque\u00f3 la calle Zaragoza para exigir que sean enviados a casa como otros trabajadores que este mi\u00e9rcoles ya no se presentaron a laborar para prevenir contagios de COVID-19.<\/p>\n\n\n\n<p>Alrededor de las 10:00 horas, los empleados salieron de sus oficinas para obstruir la vialidad que permite la salida a veh\u00edculos que transitan del Pueblo M\u00e1gico a Xalapa.<\/p>\n\n\n\n<p>El bloqueo no pas\u00f3 de las 10:25 horas de este mi\u00e9rcoles, segundo d\u00eda de la Fase 2 por contigencia sanitaria en M\u00e9xico.<\/p>\n\n\n\n<p>Pablo Vela, representante sindical del centro de trabajo 143 del Sindicato Nacional de Trabajadores de la Educaci\u00f3n (SNTE) secci\u00f3n 32, delegaci\u00f3n Coatepec, explic\u00f3 que los empleados con enfermedades cr\u00f3nicas o mayores de 60 a\u00f1os no se presentaron a laborar este mi\u00e9rcoles, acatando el decreto que emiti\u00f3 el presidente Andr\u00e9s Manuel L\u00f3pez Obrador, como parte de las medidas preventivas por coronavirus.<\/p>\n\n\n\n<p>\u201cDe nada sirve que se resguarden los ni\u00f1os en casa, los enfermos cuando todas las dem\u00e1s personas salimos y nos exponemos a trabajar, podr\u00edamos llevar el virus a nuestra casa, de nada sirve resguardarse\u201d.<\/p>\n\n\n\n<p>Cabe recordar que el titular de la SEV, Zenyazen Escobar Garc\u00eda, de hab\u00eda pronunciado para que siguieran las labores administrativas en las oficinas centrales de la SEV y oficinas dependientes.<\/p>\n\n\n\n<p>El inconforme con esta decisi\u00f3n, indic\u00f3 que en el turno matutino de la delegaci\u00f3n Coatepec son 25 personas agremiados al sindicato, quienes ya recibieron la orden de su sindicato para no acudir a laborar pero temen que en 24 horas les empiecen a descontar su paga o en caso extremo, en las 72 horas les retiren la plaza como lo marca el reglamento.<\/p>\n\n\n\n<p>Agreg\u00f3 que el sindicato manten\u00eda un di\u00e1logo con la SEV para posiblemente generar guardias, una decisi\u00f3n que ya se ejerci\u00f3 en la secci\u00f3n 56 donde negociaron que todo el personal se iba con tal de salvaguardar su integridad f\u00edsica.<br><\/p>\n","protected":false},"excerpt":{"rendered":"<p>Juan Arcos Coatepec, Ver.- Personal de la Secretar\u00eda de Educaci\u00f3n de Veracruz (SEV), delegaci\u00f3n Coatepec, bloque\u00f3 la calle Zaragoza para exigir que sean enviados a casa como otros trabajadores que este mi\u00e9rcoles ya no se presentaron a laborar para prevenir contagios de COVID-19. Alrededor de las 10:00 horas, los empleados salieron de sus oficinas para [&hellip;]<\/p>\n","protected":false},"author":1,"featured_media":1256,"comment_status":"open","ping_status":"open","sticky":false,"template":"","format":"standard","meta":{"_jetpack_memberships_contains_paid_content":false,"footnotes":""},"categories":[8],"tags":[],"class_list":["post-1255","post","type-post","status-publish","format-standard","has-post-thumbnail","hentry","category-region"],"jetpack_featured_media_url":"https:\/\/encuentroinformativo.com.mx\/wp-content\/uploads\/2020\/03\/1CE92ED8-D6C6-4F62-A3F2-ABE51CF8CF6B.jpeg","jetpack_sharing_enabled":true,"jetpack_likes_enabled":true,"amp_enabled":true,"_links":{"self":[{"href":"https:\/\/encuentroinformativo.com.mx\/index.php?rest_route=\/wp\/v2\/posts\/1255","targetHints":{"allow":["GET"]}}],"collection":[{"href":"https:\/\/encuentroinformativo.com.mx\/index.php?rest_route=\/wp\/v2\/posts"}],"about":[{"href":"https:\/\/encuentroinformativo.com.mx\/index.php?rest_route=\/wp\/v2\/types\/post"}],"author":[{"embeddable":true,"href":"https:\/\/encuentroinformativo.com.mx\/index.php?rest_route=\/wp\/v2\/users\/1"}],"replies":[{"embeddable":true,"href":"https:\/\/encuentroinformativo.com.mx\/index.php?rest_route=%2Fwp%2Fv2%2Fcomments&post=1255"}],"version-history":[{"count":1,"href":"https:\/\/encuentroinformativo.com.mx\/index.php?rest_route=\/wp\/v2\/posts\/1255\/revisions"}],"predecessor-version":[{"id":1257,"href":"https:\/\/encuentroinformativo.com.mx\/index.php?rest_route=\/wp\/v2\/posts\/1255\/revisions\/1257"}],"wp:featuredmedia":[{"embeddable":true,"href":"https:\/\/encuentroinformativo.com.mx\/index.php?rest_route=\/wp\/v2\/media\/1256"}],"wp:attachment":[{"href":"https:\/\/encuentroinformativo.com.mx\/index.php?rest_route=%2Fwp%2Fv2%2Fmedia&parent=1255"}],"wp:term":[{"taxonomy":"category","embeddable":true,"href":"https:\/\/encuentroinformativo.com.mx\/index.php?rest_route=%2Fwp%2Fv2%2Fcategories&post=1255"},{"taxonomy":"post_tag","embeddable":true,"href":"https:\/\/encuentroinformativo.com.mx\/index.php?rest_route=%2Fwp%2Fv2%2Ftags&post=1255"}],"curies":[{"name":"wp","href":"https:\/\/api.w.org\/{rel}","templated":true}]}}