{"id":12551,"date":"2021-04-01T09:00:41","date_gmt":"2021-04-01T15:00:41","guid":{"rendered":"https:\/\/encuentroinformativo.com.mx\/?p=12551"},"modified":"2021-04-01T09:00:46","modified_gmt":"2021-04-01T15:00:46","slug":"por-xalapa-aunque-marko-no-quiera","status":"publish","type":"post","link":"https:\/\/encuentroinformativo.com.mx\/?p=12551","title":{"rendered":"Por Xalapa, aunque Marko no quiera"},"content":{"rendered":"\n<p><strong>Los Pol\u00edticos<\/strong><\/p>\n\n\n\n<p><strong>Salvador Mu\u00f1oz<\/strong><\/p>\n\n\n\n<p>No lo dijo, pero lo dio a entender. David Velasco Chedraui, en el discurso que dio ante medios en las oficinas del PRI, parec\u00eda que declinaba y dicen que a veces, lo que parece, es.<\/p>\n\n\n\n<p>No lo dijo, pero lo dio a entender. Si hay un responsable de que no haya alianza en Xalapa para ir en pos de la presidencia municipal, se llama Marko Cort\u00e9s, el dirigente nacional del PAN.<\/p>\n\n\n\n<p>No lo dijo, pero lo dio a entender. \u00bfSer\u00e1 que vaya a participar desde otro escenario? porque para nadie es un secreto que capital pol\u00edtico, tiene; ser\u00eda un craso error que si \u00e9l genera la bisagra para que la alianza se d\u00e9, no se aproveche la fuerza que representa en aras de hacer realidad el objetivo primario que dio origen a esta idea de hacer una alianza: Xalapa.<\/p>\n\n\n\n<p>No lo dijo, pero lo dio a entender. S\u00ed, en el PAN, como en el PRI y PRD est\u00e1 claro que el factor clave en estas elecciones se da en dos puntos de suma relevancia, como son el Congreso de la Uni\u00f3n y el Congreso local. Quitarle a Morena la mayor\u00eda es nivelar las fuerzas\u2026 \u00bflos ayuntamientos pueden ser sacrificables?<\/p>\n\n\n\n<p>No lo dijo, pero lo dio a entender. Siendo pragm\u00e1tico, se podr\u00eda entender la posici\u00f3n de un PAN, de un PRI, de un PRD con respecto a tener presupuestado tanto derrotas como triunfos en diversos ayuntamientos, pero hay muchos municipios que por sus caracter\u00edsticas pol\u00edticas y econ\u00f3micas, tienen en s\u00ed, su propio chiste y Xalapa es uno de ellos.<\/p>\n\n\n\n<p>No lo dijo, pero lo dio a entender. Ac\u00e1 no se trata de ideolog\u00edas, colores o partidos. Para David Velasco Chedraui est\u00e1 claro que la situaci\u00f3n por la que atraviesa la capital del Estado, la ciudad, requiere de algo tan simple como el amor por Xalapa, cosa que al parecer (ya saben: lo que parece, es) no lo tiene el alcalde Hip\u00f3lito y si bien, para muchos, la respuesta simple a este desamor pudiera ser porque sencillamente el sujeto no es nativo de la Atenas, la tesis se desbarata cuando muchos de sus ciudadanos llegaron a esta capital veracruzana y se enamoraron de ella, de su gente, de ese espacio cultural mezclado con antiguo y moderno, de su neblina, llovizna o aguaceros\u2026 vamos, Xalapa es una seductora universal\u2026 lo de Hip\u00f3lito se estudia aparte.<\/p>\n\n\n\n<p>No lo dijo, pero lo dio a entender. Est\u00e1 claro, clarito, que en el CEN del PAN est\u00e1n m\u00e1s preocupados por no pelearse con ning\u00fan grupo panista local a sabiendas de que el blanquiazul ha de renovar dirigencia nacional y de paso, por ah\u00ed, hasta la estatal, y al parecer (ya saben: lo que parece, es) son m\u00e1s importantes esos votos que los de Xalapa\u2026 vamos, es casi seguro que poco les interese a los que aspiran al CEN del partido, perder o ganar la capital de Veracruz\u2026<\/p>\n\n\n\n<p>No lo dijo, pero lo dio a entender. Se trata de Xalapa. No de egos. Se trata de Xalapa. No de proyectos personales. Se trata de Xalapa. No de mantener el poder. Se trata de Xalapa y si es por el bien de Xalapa, lo que haya que hacer, se puede hacer con o sin el nombre de David, como \u00e9l mismo lo dijo:<br>\u201cSobre el inter\u00e9s personal de servicio se encuentra el inter\u00e9s colectivo de que se logre un cambio de fondo, con o sin el nombre de David Velasco. El amor a Xalapa me puede m\u00e1s\u201d.<\/p>\n\n\n\n<p>David est\u00e1 dispuesto a hacerla de bisagra en aras de que la alianza se d\u00e9\u2026 aunque yo insisto, sin que Velasco Chedraui lo haya dicho o sin que lo haya dado a entender\u2026 el capital pol\u00edtico que tiene cada expositor en la posible alianza, se debe de aprovechar\u2026 y la mejor forma de hacerlo es generando las opciones para que el terreno barbechado en este caso por David Velasco Chedraui, se siga trabajando en aras de que \u00e9stos se traduzcan en votos en contra de Morena, aunque Markos Cort\u00e9s no quiera.<\/p>\n\n\n\n<p><a>smcainito@gmail.com<\/a><\/p>\n","protected":false},"excerpt":{"rendered":"<p>Los Pol\u00edticos Salvador Mu\u00f1oz No lo dijo, pero lo dio a entender. David Velasco Chedraui, en el discurso que dio ante medios en las oficinas del PRI, parec\u00eda que declinaba y dicen que a veces, lo que parece, es. No lo dijo, pero lo dio a entender. Si hay un responsable de que no haya [&hellip;]<\/p>\n","protected":false},"author":1,"featured_media":70,"comment_status":"open","ping_status":"open","sticky":false,"template":"","format":"standard","meta":{"_jetpack_memberships_contains_paid_content":false,"footnotes":""},"categories":[11],"tags":[],"class_list":["post-12551","post","type-post","status-publish","format-standard","has-post-thumbnail","hentry","category-opinion"],"jetpack_featured_media_url":"https:\/\/encuentroinformativo.com.mx\/wp-content\/uploads\/2020\/02\/opinion-invitado.jpg","jetpack_sharing_enabled":true,"jetpack_likes_enabled":true,"amp_enabled":true,"_links":{"self":[{"href":"https:\/\/encuentroinformativo.com.mx\/index.php?rest_route=\/wp\/v2\/posts\/12551","targetHints":{"allow":["GET"]}}],"collection":[{"href":"https:\/\/encuentroinformativo.com.mx\/index.php?rest_route=\/wp\/v2\/posts"}],"about":[{"href":"https:\/\/encuentroinformativo.com.mx\/index.php?rest_route=\/wp\/v2\/types\/post"}],"author":[{"embeddable":true,"href":"https:\/\/encuentroinformativo.com.mx\/index.php?rest_route=\/wp\/v2\/users\/1"}],"replies":[{"embeddable":true,"href":"https:\/\/encuentroinformativo.com.mx\/index.php?rest_route=%2Fwp%2Fv2%2Fcomments&post=12551"}],"version-history":[{"count":1,"href":"https:\/\/encuentroinformativo.com.mx\/index.php?rest_route=\/wp\/v2\/posts\/12551\/revisions"}],"predecessor-version":[{"id":12552,"href":"https:\/\/encuentroinformativo.com.mx\/index.php?rest_route=\/wp\/v2\/posts\/12551\/revisions\/12552"}],"wp:featuredmedia":[{"embeddable":true,"href":"https:\/\/encuentroinformativo.com.mx\/index.php?rest_route=\/wp\/v2\/media\/70"}],"wp:attachment":[{"href":"https:\/\/encuentroinformativo.com.mx\/index.php?rest_route=%2Fwp%2Fv2%2Fmedia&parent=12551"}],"wp:term":[{"taxonomy":"category","embeddable":true,"href":"https:\/\/encuentroinformativo.com.mx\/index.php?rest_route=%2Fwp%2Fv2%2Fcategories&post=12551"},{"taxonomy":"post_tag","embeddable":true,"href":"https:\/\/encuentroinformativo.com.mx\/index.php?rest_route=%2Fwp%2Fv2%2Ftags&post=12551"}],"curies":[{"name":"wp","href":"https:\/\/api.w.org\/{rel}","templated":true}]}}