{"id":12563,"date":"2021-04-01T14:09:26","date_gmt":"2021-04-01T20:09:26","guid":{"rendered":"https:\/\/encuentroinformativo.com.mx\/?p=12563"},"modified":"2021-04-01T14:09:34","modified_gmt":"2021-04-01T20:09:34","slug":"aumenta-incidencia-delictiva-en-veracruz-especialistas","status":"publish","type":"post","link":"https:\/\/encuentroinformativo.com.mx\/?p=12563","title":{"rendered":"Aumenta incidencia delictiva en Veracruz: Especialistas"},"content":{"rendered":"\n<p><strong>Juan Arcos <\/strong><\/p>\n\n\n\n<p>Xalapa, Ver.- La incidencia delictiva en el estado de Veracruz ha incrementado durante los \u00faltimos a\u00f1os por la falta de pol\u00edticas p\u00fablicas que realmente frenen la problem\u00e1tica.<\/p>\n\n\n\n<p>La entidad destaca en delitos como homicidios dolosos, feminicidios, secuestros y extorsiones.<\/p>\n\n\n\n<p>De acuerdo con Mario Salom\u00f3n, country manager de Grupo Multisistemas de Seguridad Industrial, el 4.5 por ciento de los homicidios dolosos registrados a nivel nacional durante 2020 ocurrieron en esta entidad.<\/p>\n\n\n\n<p>Adem\u00e1s, la cifra creci\u00f3, de manera considerable, pasando al 5.2 por ciento durante este a\u00f1o.<\/p>\n\n\n\n<p>Datos oficiales muestran que en esta entidad se registraron 2 mil 175 homicidios durante 2020 y que solo en enero y febrero de este a\u00f1o van 368 casos.<\/p>\n\n\n\n<p>El especialista menciona que del total de feminicidios reportados en el pa\u00eds, el 8.4 por ciento ocurre en Veracruz, lo que resulta alarmante.<\/p>\n\n\n\n<p>De acuerdo con datos del Secretar\u00eda Ejecutivo del Sistema Nacional de Seguridad P\u00fablica (SESNSP), se contabilizaron 79 feminicidios en la entidad, durante 2020.<\/p>\n\n\n\n<p>\u201cEn Veracruz se registraron el 8.4 por ciento de los feminicidios, un porcentaje alto y ahora es el 9.9 por ciento, casi el diez por ciento\u201d, menciona el especialista en temas de seguridad.<\/p>\n\n\n\n<p>Mario refiere que Veracruz tambi\u00e9n representa un foco rojo por la cantidad de pol\u00edticos que han sido asesinados durante los \u00faltimos meses.<\/p>\n","protected":false},"excerpt":{"rendered":"<p>Juan Arcos Xalapa, Ver.- La incidencia delictiva en el estado de Veracruz ha incrementado durante los \u00faltimos a\u00f1os por la falta de pol\u00edticas p\u00fablicas que realmente frenen la problem\u00e1tica. La entidad destaca en delitos como homicidios dolosos, feminicidios, secuestros y extorsiones. De acuerdo con Mario Salom\u00f3n, country manager de Grupo Multisistemas de Seguridad Industrial, el [&hellip;]<\/p>\n","protected":false},"author":1,"featured_media":8334,"comment_status":"open","ping_status":"open","sticky":false,"template":"","format":"standard","meta":{"_jetpack_memberships_contains_paid_content":false,"footnotes":""},"categories":[2],"tags":[],"class_list":["post-12563","post","type-post","status-publish","format-standard","has-post-thumbnail","hentry","category-estado"],"jetpack_featured_media_url":"https:\/\/encuentroinformativo.com.mx\/wp-content\/uploads\/2020\/11\/6CE9E9A9-69F8-4210-B166-8E276F6986AB.jpeg","jetpack_sharing_enabled":true,"jetpack_likes_enabled":true,"amp_enabled":true,"_links":{"self":[{"href":"https:\/\/encuentroinformativo.com.mx\/index.php?rest_route=\/wp\/v2\/posts\/12563","targetHints":{"allow":["GET"]}}],"collection":[{"href":"https:\/\/encuentroinformativo.com.mx\/index.php?rest_route=\/wp\/v2\/posts"}],"about":[{"href":"https:\/\/encuentroinformativo.com.mx\/index.php?rest_route=\/wp\/v2\/types\/post"}],"author":[{"embeddable":true,"href":"https:\/\/encuentroinformativo.com.mx\/index.php?rest_route=\/wp\/v2\/users\/1"}],"replies":[{"embeddable":true,"href":"https:\/\/encuentroinformativo.com.mx\/index.php?rest_route=%2Fwp%2Fv2%2Fcomments&post=12563"}],"version-history":[{"count":1,"href":"https:\/\/encuentroinformativo.com.mx\/index.php?rest_route=\/wp\/v2\/posts\/12563\/revisions"}],"predecessor-version":[{"id":12564,"href":"https:\/\/encuentroinformativo.com.mx\/index.php?rest_route=\/wp\/v2\/posts\/12563\/revisions\/12564"}],"wp:featuredmedia":[{"embeddable":true,"href":"https:\/\/encuentroinformativo.com.mx\/index.php?rest_route=\/wp\/v2\/media\/8334"}],"wp:attachment":[{"href":"https:\/\/encuentroinformativo.com.mx\/index.php?rest_route=%2Fwp%2Fv2%2Fmedia&parent=12563"}],"wp:term":[{"taxonomy":"category","embeddable":true,"href":"https:\/\/encuentroinformativo.com.mx\/index.php?rest_route=%2Fwp%2Fv2%2Fcategories&post=12563"},{"taxonomy":"post_tag","embeddable":true,"href":"https:\/\/encuentroinformativo.com.mx\/index.php?rest_route=%2Fwp%2Fv2%2Ftags&post=12563"}],"curies":[{"name":"wp","href":"https:\/\/api.w.org\/{rel}","templated":true}]}}