{"id":12571,"date":"2021-04-01T14:37:36","date_gmt":"2021-04-01T20:37:36","guid":{"rendered":"https:\/\/encuentroinformativo.com.mx\/?p=12571"},"modified":"2021-04-01T14:37:40","modified_gmt":"2021-04-01T20:37:40","slug":"en-playas-de-tuxpan-se-ahogan-dos-poblanos","status":"publish","type":"post","link":"https:\/\/encuentroinformativo.com.mx\/?p=12571","title":{"rendered":"En playas de Tuxpan se ahogan dos poblanos"},"content":{"rendered":"\n<p><strong>Alejandro \u00c1vila<\/strong><\/p>\n\n\n\n<p>Tuxpan, Ver.- El inicio de la Semana Santa cobr\u00f3 sus primeras dos v\u00edctimas en las playas de Tuxpan; fueron dos j\u00f3venes del Estado de Puebla quienes perdieron la vida esta ma\u00f1ana al ahogarse tras ser arrastrados por la corriente marina.<\/p>\n\n\n\n<p>Los fallecidos, quienes ven\u00edan acompa\u00f1ados de una persona m\u00e1s, ten\u00edan apenas dos horas de haber llegado al municipio y tras dejar sus pertenencias en el hotel donde se alojar\u00eda, se dirigieron r\u00e1pidamente a la playa para disfrutar del mar.<\/p>\n\n\n\n<p>Aproximadamente a las 9 de la ma\u00f1ana se alert\u00f3 a los cuerpos de rescate sobre unas personas arrastradas por el mar, siendo rescatadas dos de ellas sin vida por elementos de la Secretar\u00eda de Marina, 30 minutos despu\u00e9s.<\/p>\n\n\n\n<p>El personal de la Secretar\u00eda de Marina acordon\u00f3 la zona y minutos despu\u00e9s trasladaron los cuerpos al Servicio M\u00e9dico Forense para realizar la necropsia. La otra persona que los acompa\u00f1aba, una mujer, fue rescatada con vida y trasladada a un hospital para su atenci\u00f3n m\u00e9dica.<\/p>\n","protected":false},"excerpt":{"rendered":"<p>Alejandro \u00c1vila Tuxpan, Ver.- El inicio de la Semana Santa cobr\u00f3 sus primeras dos v\u00edctimas en las playas de Tuxpan; fueron dos j\u00f3venes del Estado de Puebla quienes perdieron la vida esta ma\u00f1ana al ahogarse tras ser arrastrados por la corriente marina. Los fallecidos, quienes ven\u00edan acompa\u00f1ados de una persona m\u00e1s, ten\u00edan apenas dos horas [&hellip;]<\/p>\n","protected":false},"author":1,"featured_media":12572,"comment_status":"open","ping_status":"open","sticky":false,"template":"","format":"standard","meta":{"_jetpack_memberships_contains_paid_content":false,"footnotes":""},"categories":[2],"tags":[],"class_list":["post-12571","post","type-post","status-publish","format-standard","has-post-thumbnail","hentry","category-estado"],"jetpack_featured_media_url":"https:\/\/encuentroinformativo.com.mx\/wp-content\/uploads\/2021\/04\/5F21D6E4-CF68-43B4-A3C3-060BA698DCBA.jpeg","jetpack_sharing_enabled":true,"jetpack_likes_enabled":true,"amp_enabled":true,"_links":{"self":[{"href":"https:\/\/encuentroinformativo.com.mx\/index.php?rest_route=\/wp\/v2\/posts\/12571","targetHints":{"allow":["GET"]}}],"collection":[{"href":"https:\/\/encuentroinformativo.com.mx\/index.php?rest_route=\/wp\/v2\/posts"}],"about":[{"href":"https:\/\/encuentroinformativo.com.mx\/index.php?rest_route=\/wp\/v2\/types\/post"}],"author":[{"embeddable":true,"href":"https:\/\/encuentroinformativo.com.mx\/index.php?rest_route=\/wp\/v2\/users\/1"}],"replies":[{"embeddable":true,"href":"https:\/\/encuentroinformativo.com.mx\/index.php?rest_route=%2Fwp%2Fv2%2Fcomments&post=12571"}],"version-history":[{"count":1,"href":"https:\/\/encuentroinformativo.com.mx\/index.php?rest_route=\/wp\/v2\/posts\/12571\/revisions"}],"predecessor-version":[{"id":12573,"href":"https:\/\/encuentroinformativo.com.mx\/index.php?rest_route=\/wp\/v2\/posts\/12571\/revisions\/12573"}],"wp:featuredmedia":[{"embeddable":true,"href":"https:\/\/encuentroinformativo.com.mx\/index.php?rest_route=\/wp\/v2\/media\/12572"}],"wp:attachment":[{"href":"https:\/\/encuentroinformativo.com.mx\/index.php?rest_route=%2Fwp%2Fv2%2Fmedia&parent=12571"}],"wp:term":[{"taxonomy":"category","embeddable":true,"href":"https:\/\/encuentroinformativo.com.mx\/index.php?rest_route=%2Fwp%2Fv2%2Fcategories&post=12571"},{"taxonomy":"post_tag","embeddable":true,"href":"https:\/\/encuentroinformativo.com.mx\/index.php?rest_route=%2Fwp%2Fv2%2Ftags&post=12571"}],"curies":[{"name":"wp","href":"https:\/\/api.w.org\/{rel}","templated":true}]}}