{"id":12574,"date":"2021-04-01T14:44:03","date_gmt":"2021-04-01T20:44:03","guid":{"rendered":"https:\/\/encuentroinformativo.com.mx\/?p=12574"},"modified":"2021-04-01T14:44:07","modified_gmt":"2021-04-01T20:44:07","slug":"por-mal-tiempo-retiran-a-turistas-en-playas-de-veracruz-y-boca-del-rio","status":"publish","type":"post","link":"https:\/\/encuentroinformativo.com.mx\/?p=12574","title":{"rendered":"Por mal tiempo, retiran a turistas en Playas de Veracruz y Boca del R\u00edo"},"content":{"rendered":"\n<p><strong>Alejandro \u00c1vila<\/strong><\/p>\n\n\n\n<p>Veracruz , Ver.- Elementos de Protecci\u00f3n Civil Municipal en Boca del R\u00edo y Polic\u00eda Naval en Veracruz, instaron a los turistas a retirarse de las playas de la zona conurbada tras haber colocado &#8220;banderas rojas&#8221; debido a los eventos de vientos del norte que anunci\u00f3 la Secretar\u00eda de Protecci\u00f3n Civil Estatal.<\/p>\n\n\n\n<p>En el municipio de Veracruz, el alcalde Fernando Yunes M\u00e1rquez, anunci\u00f3 hace una semana que el retiro de personas en las playas corresponder\u00eda a la Polic\u00eda Naval, debido a que es zona federal, mientras que la supervisi\u00f3n de comercios y apoyo operativo en calles y bulevar, estar\u00eda a cargo del Ayuntamiento.<\/p>\n\n\n\n<p>Por su parte, Humberto Alonso Morelli, alcalde de Boca del R\u00edo, se\u00f1al\u00f3 que no prohibir\u00edan la entrada a las playas del municipio, pero s\u00ed disminuir\u00edan el acceso a solo el 50 por ciento, para evitar la sana distancia; adem\u00e1s se restringir\u00edan los cajones de estacionamiento y algunos accesos al mar.<\/p>\n\n\n\n<p>Esta ma\u00f1ana de jueves, en diversos recorridos desde las 10 horas, personal de Protecci\u00f3n Civil y Polic\u00eda Naval, invitaron a los visitantes a retirarse de las playas, ya que se colocaron las &#8220;banderas rojas&#8221; que anuncian mal tiempo, as\u00ed de esta manera lograr\u00edan tambi\u00e9n evitar algun hecho la lamentable en las playas de la zona conurbada.<\/p>\n\n\n\n<p>Se reiter\u00f3 por parte del Ayuntamiento de Veracruz que, quienes no cuenten con hospedaje y deseaban acampar, se instalaron espacios con ba\u00f1os, regaderas y comedores en el estacionamiento del auditorio &#8220;Benito Ju\u00e1rez&#8221; y la explanada de la &#8220;Casa de la Tierra&#8221;.<\/p>\n\n\n\n<figure class=\"wp-block-image size-large\"><img loading=\"lazy\" decoding=\"async\" width=\"1024\" height=\"682\" src=\"https:\/\/encuentroinformativo.com.mx\/wp-content\/uploads\/2021\/04\/91149279-17B1-427E-8F45-260219EBA756-1024x682.jpeg\" alt=\"\" class=\"wp-image-12576\" srcset=\"https:\/\/encuentroinformativo.com.mx\/wp-content\/uploads\/2021\/04\/91149279-17B1-427E-8F45-260219EBA756-1024x682.jpeg 1024w, https:\/\/encuentroinformativo.com.mx\/wp-content\/uploads\/2021\/04\/91149279-17B1-427E-8F45-260219EBA756-300x200.jpeg 300w, https:\/\/encuentroinformativo.com.mx\/wp-content\/uploads\/2021\/04\/91149279-17B1-427E-8F45-260219EBA756-768x512.jpeg 768w, https:\/\/encuentroinformativo.com.mx\/wp-content\/uploads\/2021\/04\/91149279-17B1-427E-8F45-260219EBA756.jpeg 1280w\" sizes=\"auto, (max-width: 1024px) 100vw, 1024px\" \/><\/figure>\n","protected":false},"excerpt":{"rendered":"<p>Alejandro \u00c1vila Veracruz , Ver.- Elementos de Protecci\u00f3n Civil Municipal en Boca del R\u00edo y Polic\u00eda Naval en Veracruz, instaron a los turistas a retirarse de las playas de la zona conurbada tras haber colocado &#8220;banderas rojas&#8221; debido a los eventos de vientos del norte que anunci\u00f3 la Secretar\u00eda de Protecci\u00f3n Civil Estatal. En el [&hellip;]<\/p>\n","protected":false},"author":1,"featured_media":12575,"comment_status":"open","ping_status":"open","sticky":false,"template":"","format":"standard","meta":{"_jetpack_memberships_contains_paid_content":false,"footnotes":""},"categories":[2],"tags":[],"class_list":["post-12574","post","type-post","status-publish","format-standard","has-post-thumbnail","hentry","category-estado"],"jetpack_featured_media_url":"https:\/\/encuentroinformativo.com.mx\/wp-content\/uploads\/2021\/04\/68BCE160-9E65-498C-83AB-0E3C28A1005A.jpeg","jetpack_sharing_enabled":true,"jetpack_likes_enabled":true,"amp_enabled":true,"_links":{"self":[{"href":"https:\/\/encuentroinformativo.com.mx\/index.php?rest_route=\/wp\/v2\/posts\/12574","targetHints":{"allow":["GET"]}}],"collection":[{"href":"https:\/\/encuentroinformativo.com.mx\/index.php?rest_route=\/wp\/v2\/posts"}],"about":[{"href":"https:\/\/encuentroinformativo.com.mx\/index.php?rest_route=\/wp\/v2\/types\/post"}],"author":[{"embeddable":true,"href":"https:\/\/encuentroinformativo.com.mx\/index.php?rest_route=\/wp\/v2\/users\/1"}],"replies":[{"embeddable":true,"href":"https:\/\/encuentroinformativo.com.mx\/index.php?rest_route=%2Fwp%2Fv2%2Fcomments&post=12574"}],"version-history":[{"count":1,"href":"https:\/\/encuentroinformativo.com.mx\/index.php?rest_route=\/wp\/v2\/posts\/12574\/revisions"}],"predecessor-version":[{"id":12577,"href":"https:\/\/encuentroinformativo.com.mx\/index.php?rest_route=\/wp\/v2\/posts\/12574\/revisions\/12577"}],"wp:featuredmedia":[{"embeddable":true,"href":"https:\/\/encuentroinformativo.com.mx\/index.php?rest_route=\/wp\/v2\/media\/12575"}],"wp:attachment":[{"href":"https:\/\/encuentroinformativo.com.mx\/index.php?rest_route=%2Fwp%2Fv2%2Fmedia&parent=12574"}],"wp:term":[{"taxonomy":"category","embeddable":true,"href":"https:\/\/encuentroinformativo.com.mx\/index.php?rest_route=%2Fwp%2Fv2%2Fcategories&post=12574"},{"taxonomy":"post_tag","embeddable":true,"href":"https:\/\/encuentroinformativo.com.mx\/index.php?rest_route=%2Fwp%2Fv2%2Ftags&post=12574"}],"curies":[{"name":"wp","href":"https:\/\/api.w.org\/{rel}","templated":true}]}}