{"id":12581,"date":"2021-04-01T18:05:44","date_gmt":"2021-04-02T00:05:44","guid":{"rendered":"https:\/\/encuentroinformativo.com.mx\/?p=12581"},"modified":"2021-04-01T18:05:48","modified_gmt":"2021-04-02T00:05:48","slug":"defiende-gobernador-estrategias-de-seguridad-en-zona-norte","status":"publish","type":"post","link":"https:\/\/encuentroinformativo.com.mx\/?p=12581","title":{"rendered":"Defiende gobernador estrategias de seguridad en zona norte"},"content":{"rendered":"\n<p><strong>Alejandro \u00c1vila<\/strong><\/p>\n\n\n\n<p>Poza Rica, Ver.- El gobernador, Cuitl\u00e1huac Garc\u00eda Jim\u00e9nez, visit\u00f3 la ciudad de Poza Rica para conocer a detalle los homicidios que se han dado en \u00faltimas semanas en municipios como Coatzintla y Tihuatl\u00e1n; al t\u00e9rmino de la reuni\u00f3n de seguridad de esta ma\u00f1ana, asegur\u00f3 que pese a todo, la estrategia que realizan en la zona norte s\u00ed est\u00e1 funcionando, pero esta se reforzar\u00e1.<\/p>\n\n\n\n<p>Al mandatario estatal le fueron entregados los reportes completos de los casos de homicidio que se registraron hace unas semanas en los municipios antes mencionados, y de la misma manera, las corporaciones de seguridad le mostraron el plan de reforzamiento que se implementar\u00e1 en la zona norte del Estado.<\/p>\n\n\n\n<p>Se\u00f1al\u00f3 que en el caso particular del Polic\u00eda Federal asesinado en Coatzintla, la linea de investigaci\u00f3n se\u00f1ala que se trat\u00f3 de una ri\u00f1a familiar y asegur\u00f3 ya existe un detenido.<\/p>\n\n\n\n<p>En otro tema, mencion\u00f3 que este jueves 1 de abril, dio por terminado el Plan Nacional de Vacunaci\u00f3n, reconociendo que a pesar de las 467 mil dosis de vacuna aplicadas contra el COVID-19 a\u00fan restan municipios por vacunar en su primera dosis, por lo que en breve se anunciar\u00e1 como cumpliran con esta acci\u00f3n en la entidad.<\/p>\n\n\n\n<p>Seg\u00fan datos de la Secretar\u00eda de Salud, a\u00fan restan 106 municipios de Veracruz donde se deben vacunar por primera vez a los adultos mayores a 60 a\u00f1os.<\/p>\n","protected":false},"excerpt":{"rendered":"<p>Alejandro \u00c1vila Poza Rica, Ver.- El gobernador, Cuitl\u00e1huac Garc\u00eda Jim\u00e9nez, visit\u00f3 la ciudad de Poza Rica para conocer a detalle los homicidios que se han dado en \u00faltimas semanas en municipios como Coatzintla y Tihuatl\u00e1n; al t\u00e9rmino de la reuni\u00f3n de seguridad de esta ma\u00f1ana, asegur\u00f3 que pese a todo, la estrategia que realizan en [&hellip;]<\/p>\n","protected":false},"author":1,"featured_media":12582,"comment_status":"open","ping_status":"open","sticky":false,"template":"","format":"standard","meta":{"_jetpack_memberships_contains_paid_content":false,"footnotes":""},"categories":[2],"tags":[],"class_list":["post-12581","post","type-post","status-publish","format-standard","has-post-thumbnail","hentry","category-estado"],"jetpack_featured_media_url":"https:\/\/encuentroinformativo.com.mx\/wp-content\/uploads\/2021\/04\/1BE98424-584F-468A-8554-1391295F5ACB.jpeg","jetpack_sharing_enabled":true,"jetpack_likes_enabled":true,"amp_enabled":true,"_links":{"self":[{"href":"https:\/\/encuentroinformativo.com.mx\/index.php?rest_route=\/wp\/v2\/posts\/12581","targetHints":{"allow":["GET"]}}],"collection":[{"href":"https:\/\/encuentroinformativo.com.mx\/index.php?rest_route=\/wp\/v2\/posts"}],"about":[{"href":"https:\/\/encuentroinformativo.com.mx\/index.php?rest_route=\/wp\/v2\/types\/post"}],"author":[{"embeddable":true,"href":"https:\/\/encuentroinformativo.com.mx\/index.php?rest_route=\/wp\/v2\/users\/1"}],"replies":[{"embeddable":true,"href":"https:\/\/encuentroinformativo.com.mx\/index.php?rest_route=%2Fwp%2Fv2%2Fcomments&post=12581"}],"version-history":[{"count":1,"href":"https:\/\/encuentroinformativo.com.mx\/index.php?rest_route=\/wp\/v2\/posts\/12581\/revisions"}],"predecessor-version":[{"id":12583,"href":"https:\/\/encuentroinformativo.com.mx\/index.php?rest_route=\/wp\/v2\/posts\/12581\/revisions\/12583"}],"wp:featuredmedia":[{"embeddable":true,"href":"https:\/\/encuentroinformativo.com.mx\/index.php?rest_route=\/wp\/v2\/media\/12582"}],"wp:attachment":[{"href":"https:\/\/encuentroinformativo.com.mx\/index.php?rest_route=%2Fwp%2Fv2%2Fmedia&parent=12581"}],"wp:term":[{"taxonomy":"category","embeddable":true,"href":"https:\/\/encuentroinformativo.com.mx\/index.php?rest_route=%2Fwp%2Fv2%2Fcategories&post=12581"},{"taxonomy":"post_tag","embeddable":true,"href":"https:\/\/encuentroinformativo.com.mx\/index.php?rest_route=%2Fwp%2Fv2%2Ftags&post=12581"}],"curies":[{"name":"wp","href":"https:\/\/api.w.org\/{rel}","templated":true}]}}