{"id":12584,"date":"2021-04-01T21:27:13","date_gmt":"2021-04-02T03:27:13","guid":{"rendered":"https:\/\/encuentroinformativo.com.mx\/?p=12584"},"modified":"2021-04-01T21:27:17","modified_gmt":"2021-04-02T03:27:17","slug":"concretan-alianza-pri-pan-prd-para-alcaldia-de-xalapa","status":"publish","type":"post","link":"https:\/\/encuentroinformativo.com.mx\/?p=12584","title":{"rendered":"Concretan alianza PRI-PAN-PRD para alcald\u00eda de Xalapa"},"content":{"rendered":"\n<p><strong>Juan Arcos<\/strong><\/p>\n\n\n\n<p>Xalapa, Ver.- Los partidos Acci\u00f3n Nacional (PAN), Revolucionario Institucional (PRI) y de la Revoluci\u00f3n Democr\u00e1tica (PRD) concretaron la alianza \u201cVeracruz Va\u201d para la presidencia municipal de Xalapa, siendo David Velasco Chedraui quien abandere a las tres fuerzas pol\u00edticas.<\/p>\n\n\n\n<p>La tarde de este jueves, antes de que venciera el plazo legal, los l\u00edderes estatales del PAN, Joaqu\u00edn Guzm\u00e1n Avil\u00e9s; del PRI, Marlon Ram\u00edrez Mar\u00edn y del PRD, Sergio Cadena Mart\u00ednez, presentaron la documentaci\u00f3n correspondiente ante el Organismo P\u00fablico Local Electoral del Estado de Veracruz (OPLE).\u00a0<\/p>\n\n\n\n<p>Velasco Chedraui, exalcalde de Xalapa y exdiputado local, quien era el abanderado del Partido Revolucionario Institucional, ser\u00e1 el que presida la f\u00f3rmula de la coalici\u00f3n en la capital, despu\u00e9s de que el PAN impulsaba como candidato a Sergio Hern\u00e1ndez Hern\u00e1ndez, quien se negaba a declinar a favor del aspirante priista.<\/p>\n\n\n\n<p>La inscripci\u00f3n de la alianza a la alcald\u00eda de Xalapa se hab\u00eda retrasado por la anuencia del Partido Acci\u00f3n Nacional. Incluso, se dec\u00eda que la \u00faltima palabra la ten\u00eda la dirigencia nacional de este partido pol\u00edtico.<\/p>\n\n\n\n<p>El Consejo General del OPLE analizar\u00e1 la noche de este jueves el registro de la coalici\u00f3n y, posteriormente, someter\u00e1 a votaci\u00f3n el documento avalado por las dirigencias nacionales de los tres organismos pol\u00edticos.<\/p>\n\n\n\n<p>La alianza \u201cVeracruz Va\u201d competir\u00e1 en 93 municipios, de los cuales 34 encabeza el Partido Acci\u00f3n Nacional; 30 el Partido Revolucionario Institucional y 29 el Partido de la Revoluci\u00f3n Democr\u00e1tica.<\/p>\n\n\n\n<p>El PAN designar\u00e1 a los candidatos para las alcald\u00edas de Medell\u00edn, Tezonapa, Minatitl\u00e1n, Coatepec, Naranjos Amatl\u00e1n, Lerdo de Tejada, Zozocolco de Hidalgo, Ozuluama, Manlio Fabio Altamirano, Chiconquiaco, Tlapacoyan, Las Choapas, Alvarado, P\u00e1nuco, Tres Valles, Veracruz, Fort\u00edn, La Antigua, Cosamaloapan, Magdalena, Santiago Sochiapan, Chalma, Rafael Delgado, Tenampa, C\u00f3rdoba, Tlacotalpan, Isla, J\u00e1ltipan, Tlacotepec de Mej\u00eda, Misantla, Landero y Coss, Tuxpan, Aquila e Hidalgotitl\u00e1n.<\/p>\n\n\n\n<p>El PRI postular\u00e1 en Jalacingo, Cosoleacaque, Vega de Alatorre, Omealca, Soteapan, Villa Aldama, Acula, Cerro Azul, Jalcomulco, Jamapa, Chacaltianguis, \u00darsulo Galv\u00e1n, Orizaba, Perote, Soledad del Doblado, Tlalnelhuayocan, Coatzacoalcos, Tempoal, Emiliano Zapata, Hueyapan de Ocampo, Tatatila, Ixmatlahuacan, Naranjal, Acatl\u00e1n, Tlaquilpa, Calcahualco, San Juan Evangelista, Tuxtilla, Jilotepec y Xalapa.<\/p>\n\n\n\n<p>El Sol Azteca har\u00e1 lo mismo en Tihuatl\u00e1n, Huayacocotla, Coatzintla, Papantla, Ixhuatlancillo, Mariano Escobedo, Catemaco, Chicontepec, Mecayapan, Yecuatla, Jes\u00fas Carranza, Tlacolulan, Texistepec, Juchique de Ferrer, Camerino Z. Mendoza, Zongolica, Santiago Tuxtla, Acayucan, Poza Rica, San Rafael, Banderilla, Chumatl\u00e1n, Coscomatepec, Otatitl\u00e1n, \u00c1ngel R. Cabada, Ixhuatl\u00e1n, Apazapan, El Espinal y San Andr\u00e9s Tuxtla.<\/p>\n\n\n\n<p>Cabe recordar que David Velasco hab\u00eda dejado entrever que abandonar\u00eda la contienda electoral en caso de no concretar la coalici\u00f3n en la capital del estado, para las votaciones del domingo 6 de junio.<\/p>\n\n\n\n<p>Tambi\u00e9n se confirm\u00f3 que Jos\u00e9 de Jes\u00fas Mancha Alarc\u00f3n, exdirigente estatal del PAN, abanderar\u00e1 la coalici\u00f3n como candidato a la alcald\u00eda de Tuxpan.<\/p>\n","protected":false},"excerpt":{"rendered":"<p>Juan Arcos Xalapa, Ver.- Los partidos Acci\u00f3n Nacional (PAN), Revolucionario Institucional (PRI) y de la Revoluci\u00f3n Democr\u00e1tica (PRD) concretaron la alianza \u201cVeracruz Va\u201d para la presidencia municipal de Xalapa, siendo David Velasco Chedraui quien abandere a las tres fuerzas pol\u00edticas. La tarde de este jueves, antes de que venciera el plazo legal, los l\u00edderes estatales [&hellip;]<\/p>\n","protected":false},"author":1,"featured_media":12585,"comment_status":"open","ping_status":"open","sticky":false,"template":"","format":"standard","meta":{"_jetpack_memberships_contains_paid_content":false,"footnotes":""},"categories":[3],"tags":[],"class_list":["post-12584","post","type-post","status-publish","format-standard","has-post-thumbnail","hentry","category-xalapa"],"jetpack_featured_media_url":"https:\/\/encuentroinformativo.com.mx\/wp-content\/uploads\/2021\/04\/C78D0292-2C13-4B9B-9712-50B6FE90A53E.jpeg","jetpack_sharing_enabled":true,"jetpack_likes_enabled":true,"amp_enabled":true,"_links":{"self":[{"href":"https:\/\/encuentroinformativo.com.mx\/index.php?rest_route=\/wp\/v2\/posts\/12584","targetHints":{"allow":["GET"]}}],"collection":[{"href":"https:\/\/encuentroinformativo.com.mx\/index.php?rest_route=\/wp\/v2\/posts"}],"about":[{"href":"https:\/\/encuentroinformativo.com.mx\/index.php?rest_route=\/wp\/v2\/types\/post"}],"author":[{"embeddable":true,"href":"https:\/\/encuentroinformativo.com.mx\/index.php?rest_route=\/wp\/v2\/users\/1"}],"replies":[{"embeddable":true,"href":"https:\/\/encuentroinformativo.com.mx\/index.php?rest_route=%2Fwp%2Fv2%2Fcomments&post=12584"}],"version-history":[{"count":1,"href":"https:\/\/encuentroinformativo.com.mx\/index.php?rest_route=\/wp\/v2\/posts\/12584\/revisions"}],"predecessor-version":[{"id":12586,"href":"https:\/\/encuentroinformativo.com.mx\/index.php?rest_route=\/wp\/v2\/posts\/12584\/revisions\/12586"}],"wp:featuredmedia":[{"embeddable":true,"href":"https:\/\/encuentroinformativo.com.mx\/index.php?rest_route=\/wp\/v2\/media\/12585"}],"wp:attachment":[{"href":"https:\/\/encuentroinformativo.com.mx\/index.php?rest_route=%2Fwp%2Fv2%2Fmedia&parent=12584"}],"wp:term":[{"taxonomy":"category","embeddable":true,"href":"https:\/\/encuentroinformativo.com.mx\/index.php?rest_route=%2Fwp%2Fv2%2Fcategories&post=12584"},{"taxonomy":"post_tag","embeddable":true,"href":"https:\/\/encuentroinformativo.com.mx\/index.php?rest_route=%2Fwp%2Fv2%2Ftags&post=12584"}],"curies":[{"name":"wp","href":"https:\/\/api.w.org\/{rel}","templated":true}]}}