{"id":12595,"date":"2021-04-02T13:48:43","date_gmt":"2021-04-02T19:48:43","guid":{"rendered":"https:\/\/encuentroinformativo.com.mx\/?p=12595"},"modified":"2021-04-02T13:48:47","modified_gmt":"2021-04-02T19:48:47","slug":"en-xalapa-sin-repunte-hoteleros-por-semana-santa","status":"publish","type":"post","link":"https:\/\/encuentroinformativo.com.mx\/?p=12595","title":{"rendered":"En Xalapa, sin repunte hoteleros por Semana Santa"},"content":{"rendered":"\n<p><strong>Dar\u00edo Pale <\/strong><\/p>\n\n\n\n<p>Xalapa, Ver.- Solo se ha tenido un repunte del 10 por ciento por las vacaciones de Semana Santa as\u00ed lo dio a conocer el\u00a0presidente de la Uni\u00f3n de Empresarios Hoteleros de la Regi\u00f3n de Cultura y Aventura, Marco Su\u00e1rez Dom\u00ednguez.<\/p>\n\n\n\n<p>En entrevista lamento\u00a0que se siga con una crisis en materia de turismo, pues desde hace un a\u00f1o el sector hotelero se ha visto severamente afectado.<\/p>\n\n\n\n<p>\u201cB\u00e1sicamente aqu\u00ed en Xalapa no se ha dado un repunte tur\u00edstico como tal que hayamos detectado todav\u00eda, vemos que estamos a mitad de semana, todav\u00eda no hemos tenido datos s\u00f3lidos que nos digan que hay vacacionistas en estos d\u00edas, yo espero que para fin de semana aumente la afluencia tur\u00edstica\u201d, se\u00f1al\u00f3.<\/p>\n\n\n\n<p>Marco Su\u00e1rez, reconoci\u00f3 que\u00a0 en el periodo vacacional de Semana Santa los destinos con playa son mayormente solicitados, Xalapa al menos tenia turismo religioso, sin\u00a0embargo, coment\u00f3 que la iglesia al no tener actividades por el COVID-19, es que no tienen a gente de otras ciudades o estados que lleguen a la ciudad.<\/p>\n\n\n\n<p>\u201cDe los vacacionistas que tengamos a bien que nos puedan llegar a visitar, van a ser m\u00e1s regionales: yo creo que s\u00ed puede aumentar un poco la afluencia tur\u00edstica en Xalapa, ojal\u00e1 aumente tambi\u00e9n la de los hoteles, que haya un poco m\u00e1s de hospedaje en nuestros hoteles, yo creo que ser\u00eda un aumento quiz\u00e1 del 10 por ciento, no puedo augurar m\u00e1s\u201d, coment\u00f3.<\/p>\n\n\n\n<p>Por \u00faltimo dio a conocer que si bien esperan recibir mejores cifras al momento no se tienen buenos pron\u00f3sticos.<\/p>\n","protected":false},"excerpt":{"rendered":"<p>Dar\u00edo Pale Xalapa, Ver.- Solo se ha tenido un repunte del 10 por ciento por las vacaciones de Semana Santa as\u00ed lo dio a conocer el\u00a0presidente de la Uni\u00f3n de Empresarios Hoteleros de la Regi\u00f3n de Cultura y Aventura, Marco Su\u00e1rez Dom\u00ednguez. En entrevista lamento\u00a0que se siga con una crisis en materia de turismo, pues [&hellip;]<\/p>\n","protected":false},"author":1,"featured_media":12596,"comment_status":"open","ping_status":"open","sticky":false,"template":"","format":"standard","meta":{"_jetpack_memberships_contains_paid_content":false,"footnotes":""},"categories":[8],"tags":[],"class_list":["post-12595","post","type-post","status-publish","format-standard","has-post-thumbnail","hentry","category-region"],"jetpack_featured_media_url":"https:\/\/encuentroinformativo.com.mx\/wp-content\/uploads\/2021\/04\/2AD88B02-10FC-4741-8295-4289203B57F9.jpeg","jetpack_sharing_enabled":true,"jetpack_likes_enabled":true,"amp_enabled":true,"_links":{"self":[{"href":"https:\/\/encuentroinformativo.com.mx\/index.php?rest_route=\/wp\/v2\/posts\/12595","targetHints":{"allow":["GET"]}}],"collection":[{"href":"https:\/\/encuentroinformativo.com.mx\/index.php?rest_route=\/wp\/v2\/posts"}],"about":[{"href":"https:\/\/encuentroinformativo.com.mx\/index.php?rest_route=\/wp\/v2\/types\/post"}],"author":[{"embeddable":true,"href":"https:\/\/encuentroinformativo.com.mx\/index.php?rest_route=\/wp\/v2\/users\/1"}],"replies":[{"embeddable":true,"href":"https:\/\/encuentroinformativo.com.mx\/index.php?rest_route=%2Fwp%2Fv2%2Fcomments&post=12595"}],"version-history":[{"count":1,"href":"https:\/\/encuentroinformativo.com.mx\/index.php?rest_route=\/wp\/v2\/posts\/12595\/revisions"}],"predecessor-version":[{"id":12597,"href":"https:\/\/encuentroinformativo.com.mx\/index.php?rest_route=\/wp\/v2\/posts\/12595\/revisions\/12597"}],"wp:featuredmedia":[{"embeddable":true,"href":"https:\/\/encuentroinformativo.com.mx\/index.php?rest_route=\/wp\/v2\/media\/12596"}],"wp:attachment":[{"href":"https:\/\/encuentroinformativo.com.mx\/index.php?rest_route=%2Fwp%2Fv2%2Fmedia&parent=12595"}],"wp:term":[{"taxonomy":"category","embeddable":true,"href":"https:\/\/encuentroinformativo.com.mx\/index.php?rest_route=%2Fwp%2Fv2%2Fcategories&post=12595"},{"taxonomy":"post_tag","embeddable":true,"href":"https:\/\/encuentroinformativo.com.mx\/index.php?rest_route=%2Fwp%2Fv2%2Ftags&post=12595"}],"curies":[{"name":"wp","href":"https:\/\/api.w.org\/{rel}","templated":true}]}}