{"id":12601,"date":"2021-04-02T14:02:08","date_gmt":"2021-04-02T20:02:08","guid":{"rendered":"https:\/\/encuentroinformativo.com.mx\/?p=12601"},"modified":"2021-04-02T14:02:10","modified_gmt":"2021-04-02T20:02:10","slug":"avala-ople-alianza-pri-pan-prd-para-xalapa","status":"publish","type":"post","link":"https:\/\/encuentroinformativo.com.mx\/?p=12601","title":{"rendered":"Avala OPLE alianza PRI-PAN-PRD para Xalapa"},"content":{"rendered":"\n<p><strong>Juan Arcos <\/strong><\/p>\n\n\n\n<p>Xalapa, Ver.- En Sesi\u00f3n Extraordinaria Urgente Virtual, el Consejo General del Organismo P\u00fablico Local Electoral del Estado de Veracruz (OPLE) vot\u00f3 por unanimidad a favor de las modificaciones de la coalici\u00f3n \u201cVeracruz Va\u201d, entre los partidos Acci\u00f3n Nacional (PAN), Revolucionario Institucional (PRI) y de la Revoluci\u00f3n Democr\u00e1tica (PRD).<\/p>\n\n\n\n<p>Con lo anterior, el empresario David Velasco Chedraui qued\u00f3 confirmado como candidato a la presidencia municipal en la capital del estado por parte de esta alianza electoral.\u00a0<\/p>\n\n\n\n<p>De esta forma, el exalcalde de Xalapa y exdiputado local, quien previamente fue el abanderado del Partido Revolucionario Institucional, ser\u00e1 el que encabece la f\u00f3rmula de la coalici\u00f3n en la ciudad capital, durante la elecci\u00f3n de la alcald\u00eda que se celebrar\u00e1 el pr\u00f3ximo domingo 6 de junio.<\/p>\n\n\n\n<p>Cabe se\u00f1alar que la solicitud de modificaci\u00f3n de los convenios de coalici\u00f3n electoral presentada por los partidos pol\u00edticos mencionados, fue dirigida al presidente del OPLE, Jos\u00e9 Alejandro Bonilla Bonilla, y entregada el 1 de abril.<\/p>\n\n\n\n<p>El documento estuvo signado por el presidente del Comit\u00e9 Directivo Estatal del PRI en Veracruz, Marlon Eduardo Ram\u00edrez Mar\u00edn; el presidente del Comit\u00e9 Directivo Estatal del Partido Acci\u00f3n Nacional, Joaqu\u00edn Rosendo Guzm\u00e1n Avil\u00e9s, y el presidente de la Direcci\u00f3n Estatal Ejecutiva del Partido de la Revoluci\u00f3n Democr\u00e1tica (PRD), Sergio Antonio Cadena Mart\u00ednez.<\/p>\n\n\n\n<p>La solicitud confirma la coalici\u00f3n \u201cVeracruz Va\u201d en 93 municipios veracruzanos, de los cuales 34 encabeza el Partido Acci\u00f3n Nacional; 30 el Partido Revolucionario Institucional y 29 el Partido de la Revoluci\u00f3n Democr\u00e1tica.<\/p>\n\n\n\n<figure class=\"wp-block-image size-large\"><img loading=\"lazy\" decoding=\"async\" width=\"737\" height=\"1024\" src=\"https:\/\/encuentroinformativo.com.mx\/wp-content\/uploads\/2021\/04\/E880C52B-444A-4297-B1AB-08C0D2501732-737x1024.jpeg\" alt=\"\" class=\"wp-image-12603\" srcset=\"https:\/\/encuentroinformativo.com.mx\/wp-content\/uploads\/2021\/04\/E880C52B-444A-4297-B1AB-08C0D2501732-737x1024.jpeg 737w, https:\/\/encuentroinformativo.com.mx\/wp-content\/uploads\/2021\/04\/E880C52B-444A-4297-B1AB-08C0D2501732-216x300.jpeg 216w, https:\/\/encuentroinformativo.com.mx\/wp-content\/uploads\/2021\/04\/E880C52B-444A-4297-B1AB-08C0D2501732-768x1067.jpeg 768w, https:\/\/encuentroinformativo.com.mx\/wp-content\/uploads\/2021\/04\/E880C52B-444A-4297-B1AB-08C0D2501732.jpeg 921w\" sizes=\"auto, (max-width: 737px) 100vw, 737px\" \/><\/figure>\n","protected":false},"excerpt":{"rendered":"<p>Juan Arcos Xalapa, Ver.- En Sesi\u00f3n Extraordinaria Urgente Virtual, el Consejo General del Organismo P\u00fablico Local Electoral del Estado de Veracruz (OPLE) vot\u00f3 por unanimidad a favor de las modificaciones de la coalici\u00f3n \u201cVeracruz Va\u201d, entre los partidos Acci\u00f3n Nacional (PAN), Revolucionario Institucional (PRI) y de la Revoluci\u00f3n Democr\u00e1tica (PRD). Con lo anterior, el empresario [&hellip;]<\/p>\n","protected":false},"author":1,"featured_media":12602,"comment_status":"open","ping_status":"open","sticky":false,"template":"","format":"standard","meta":{"_jetpack_memberships_contains_paid_content":false,"footnotes":""},"categories":[2],"tags":[],"class_list":["post-12601","post","type-post","status-publish","format-standard","has-post-thumbnail","hentry","category-estado"],"jetpack_featured_media_url":"https:\/\/encuentroinformativo.com.mx\/wp-content\/uploads\/2021\/04\/C3B8CAD4-9B56-48C6-A649-9A5A5DAF68DE.jpeg","jetpack_sharing_enabled":true,"jetpack_likes_enabled":true,"amp_enabled":true,"_links":{"self":[{"href":"https:\/\/encuentroinformativo.com.mx\/index.php?rest_route=\/wp\/v2\/posts\/12601","targetHints":{"allow":["GET"]}}],"collection":[{"href":"https:\/\/encuentroinformativo.com.mx\/index.php?rest_route=\/wp\/v2\/posts"}],"about":[{"href":"https:\/\/encuentroinformativo.com.mx\/index.php?rest_route=\/wp\/v2\/types\/post"}],"author":[{"embeddable":true,"href":"https:\/\/encuentroinformativo.com.mx\/index.php?rest_route=\/wp\/v2\/users\/1"}],"replies":[{"embeddable":true,"href":"https:\/\/encuentroinformativo.com.mx\/index.php?rest_route=%2Fwp%2Fv2%2Fcomments&post=12601"}],"version-history":[{"count":1,"href":"https:\/\/encuentroinformativo.com.mx\/index.php?rest_route=\/wp\/v2\/posts\/12601\/revisions"}],"predecessor-version":[{"id":12604,"href":"https:\/\/encuentroinformativo.com.mx\/index.php?rest_route=\/wp\/v2\/posts\/12601\/revisions\/12604"}],"wp:featuredmedia":[{"embeddable":true,"href":"https:\/\/encuentroinformativo.com.mx\/index.php?rest_route=\/wp\/v2\/media\/12602"}],"wp:attachment":[{"href":"https:\/\/encuentroinformativo.com.mx\/index.php?rest_route=%2Fwp%2Fv2%2Fmedia&parent=12601"}],"wp:term":[{"taxonomy":"category","embeddable":true,"href":"https:\/\/encuentroinformativo.com.mx\/index.php?rest_route=%2Fwp%2Fv2%2Fcategories&post=12601"},{"taxonomy":"post_tag","embeddable":true,"href":"https:\/\/encuentroinformativo.com.mx\/index.php?rest_route=%2Fwp%2Fv2%2Ftags&post=12601"}],"curies":[{"name":"wp","href":"https:\/\/api.w.org\/{rel}","templated":true}]}}