{"id":12605,"date":"2021-04-02T14:34:54","date_gmt":"2021-04-02T20:34:54","guid":{"rendered":"https:\/\/encuentroinformativo.com.mx\/?p=12605"},"modified":"2021-04-02T14:34:58","modified_gmt":"2021-04-02T20:34:58","slug":"crecimiento-economico-sera-lento-por-pandemia-canacintra","status":"publish","type":"post","link":"https:\/\/encuentroinformativo.com.mx\/?p=12605","title":{"rendered":"Crecimiento econ\u00f3mico ser\u00e1 lento por pandemia: Canacintra"},"content":{"rendered":"\n<p><strong>Dar\u00edo Pale <\/strong><\/p>\n\n\n\n<p>Xalapa, Ver.- El presidente nacional de la Canacintra, Enoch Castellanos P\u00e9rez, dio a conocer que la\u00a0recuperaci\u00f3n econ\u00f3mica para el estado y el pa\u00eds ser\u00e1 hasta el 2024, ya\u00a0que luego de la crisis econ\u00f3mica que vive el pa\u00eds derivado del manejo de la pandemia por el virus Sars COV-2, ya no creen en las expectativas de crecimiento econ\u00f3mico.<\/p>\n\n\n\n<p>En entrevista Castellano P\u00e9rez expuso bien que si se requiere de una reactivaci\u00f3n econ\u00f3mica, no se har\u00e1 solo en unas semanas, se requieren de al menos tres trimestres para poder tener un crecimiento, pero algunos a\u00f1os el poder generar un crecimiento como el que estima la Secretar\u00eda de Hacienda y Cr\u00e9dito P\u00fablico del 10 por ciento en el producto interno bruto.<\/p>\n\n\n\n<p>\u201cEchan las campanas al vuelo, despu\u00e9s de haber perdido 8.5 por ciento del producto interno bruto el a\u00f1o pasado, y que hemos decrecido el 4 por ciento en el mes de febrero, yo no veo que esto vaya a ser posible, nosotros si acaso estamos estimando un crecimiento del 2 y el 3 por ciento\u201d, se\u00f1al\u00f3.<\/p>\n\n\n\n<p>El empresario mencion\u00f3 que el crecimiento del 10 por ciento que propone el Gobierno Federal es notoriamente insuficiente, ya que hay varios factores que impiden el crecimiento, pues puso como ejemplo, un nuevo confinamiento que se inicio en el mes de enero en algunos estados, adem\u00e1s, agreg\u00f3, los apagones at\u00edpicos que se tuvo en diversos estados del pa\u00eds, a\u00f1adiendo la falta de gas en algunas empresas, lo que ha prendido alertas.<\/p>\n\n\n\n<p>\u201cSi en marzo no termina de cuajar esto, no se que vaya pasar, no soy muy optimista en cuanto esto, habr\u00e1 que esperar a ver c\u00f3mo se controla y poder echar las campanas al vuelo y ver c\u00f3mo vamos a crecer\u201d, coment\u00f3.<\/p>\n\n\n\n<p>El presidente de la CANACINTRA, consider\u00f3 que para que M\u00e9xico pueda regresar a tener la econom\u00eda que ten\u00eda en el primer trimestre de 2019, se tendr\u00eda que llegar a finales del 2024.<\/p>\n\n\n\n<p>Tras las modificaciones que organismos e instituciones han hecho a la perspectiva de crecimiento para M\u00e9xico, as\u00ed como el avance en el programa de vacunaci\u00f3n contra Covid-19, la Secretar\u00eda de Hacienda y Cr\u00e9dito P\u00fablico inform\u00f3 que revisar\u00e1 al alza su estimaci\u00f3n para el Producto Interno Bruto (PIB) de este a\u00f1o.<\/p>\n\n\n\n<p>Finalmente Gabriel Yorio, subsecretario de Hacienda, inform\u00f3 que en los Precriterios Generales de Pol\u00edtica Econ\u00f3mica 2022, que se entregar\u00e1n en abril, la dependencia modificar\u00e1 su expectativa de crecimiento de 4.6 a 5.0 por ciento.<\/p>\n","protected":false},"excerpt":{"rendered":"<p>Dar\u00edo Pale Xalapa, Ver.- El presidente nacional de la Canacintra, Enoch Castellanos P\u00e9rez, dio a conocer que la\u00a0recuperaci\u00f3n econ\u00f3mica para el estado y el pa\u00eds ser\u00e1 hasta el 2024, ya\u00a0que luego de la crisis econ\u00f3mica que vive el pa\u00eds derivado del manejo de la pandemia por el virus Sars COV-2, ya no creen en las [&hellip;]<\/p>\n","protected":false},"author":1,"featured_media":2542,"comment_status":"open","ping_status":"open","sticky":false,"template":"","format":"standard","meta":{"_jetpack_memberships_contains_paid_content":false,"footnotes":""},"categories":[3],"tags":[],"class_list":["post-12605","post","type-post","status-publish","format-standard","has-post-thumbnail","hentry","category-xalapa"],"jetpack_featured_media_url":"https:\/\/encuentroinformativo.com.mx\/wp-content\/uploads\/2020\/05\/2DCE259B-F2C1-48E8-8D8C-3E9FD49F9CB9.jpeg","jetpack_sharing_enabled":true,"jetpack_likes_enabled":true,"amp_enabled":true,"_links":{"self":[{"href":"https:\/\/encuentroinformativo.com.mx\/index.php?rest_route=\/wp\/v2\/posts\/12605","targetHints":{"allow":["GET"]}}],"collection":[{"href":"https:\/\/encuentroinformativo.com.mx\/index.php?rest_route=\/wp\/v2\/posts"}],"about":[{"href":"https:\/\/encuentroinformativo.com.mx\/index.php?rest_route=\/wp\/v2\/types\/post"}],"author":[{"embeddable":true,"href":"https:\/\/encuentroinformativo.com.mx\/index.php?rest_route=\/wp\/v2\/users\/1"}],"replies":[{"embeddable":true,"href":"https:\/\/encuentroinformativo.com.mx\/index.php?rest_route=%2Fwp%2Fv2%2Fcomments&post=12605"}],"version-history":[{"count":1,"href":"https:\/\/encuentroinformativo.com.mx\/index.php?rest_route=\/wp\/v2\/posts\/12605\/revisions"}],"predecessor-version":[{"id":12607,"href":"https:\/\/encuentroinformativo.com.mx\/index.php?rest_route=\/wp\/v2\/posts\/12605\/revisions\/12607"}],"wp:featuredmedia":[{"embeddable":true,"href":"https:\/\/encuentroinformativo.com.mx\/index.php?rest_route=\/wp\/v2\/media\/2542"}],"wp:attachment":[{"href":"https:\/\/encuentroinformativo.com.mx\/index.php?rest_route=%2Fwp%2Fv2%2Fmedia&parent=12605"}],"wp:term":[{"taxonomy":"category","embeddable":true,"href":"https:\/\/encuentroinformativo.com.mx\/index.php?rest_route=%2Fwp%2Fv2%2Fcategories&post=12605"},{"taxonomy":"post_tag","embeddable":true,"href":"https:\/\/encuentroinformativo.com.mx\/index.php?rest_route=%2Fwp%2Fv2%2Ftags&post=12605"}],"curies":[{"name":"wp","href":"https:\/\/api.w.org\/{rel}","templated":true}]}}