{"id":12610,"date":"2021-04-04T11:19:08","date_gmt":"2021-04-04T16:19:08","guid":{"rendered":"https:\/\/encuentroinformativo.com.mx\/?p=12610"},"modified":"2021-04-04T11:19:12","modified_gmt":"2021-04-04T16:19:12","slug":"aprueba-ine-registro-de-candidaturas-a-camara-de-diputados","status":"publish","type":"post","link":"https:\/\/encuentroinformativo.com.mx\/?p=12610","title":{"rendered":"Aprueba INE registro de candidaturas a C\u00e1mara de diputados"},"content":{"rendered":"\n<p>Ciudad de M\u00e9xico.- El Instituto Nacional Electoral\u00a0(INE)\u00a0aprob\u00f3 el registro de candidaturas de Mayor\u00eda Relativa y Representaci\u00f3n Proporcional a la C\u00e1mara de Diputados postuladas por partidos pol\u00edticos nacionales y coaliciones con registro vigente, respetando el principio constitucional de paridad y las medidas afirmativas adoptadas para el proceso en curso.<\/p>\n\n\n\n<p>En sesi\u00f3n especial del Consejo General, el Consejero Presidente, Lorenzo C\u00f3rdova Vianello, destac\u00f3 la importancia de que, en un contexto social y pol\u00edtico caracterizado por tensiones, polarizaci\u00f3n, as\u00ed como problemas estructurales irresueltos y agravados por la pandemia de COVID-19, la contienda se d\u00e9&nbsp;en un Estado de Derecho. &nbsp;<\/p>\n\n\n\n<p>\u201cConsideren que, al d\u00eda siguiente de la&nbsp;Jornada&nbsp;Electoral, el 7 de junio, los problemas de pobreza y desigualdad seguir\u00e1n ah\u00ed y todas y todos, trabajadores, gobernantes y empresarios, mayor\u00edas y minor\u00edas, se van a necesitar para construir acuerdos e inyectarle viabilidad y futuro a nuestra naci\u00f3n y a nuestra democracia\u201d, sentenci\u00f3.<\/p>\n\n\n\n<p>C\u00f3rdova Vianello asegur\u00f3 que las campa\u00f1as son la fase decisiva del proceso electoral m\u00e1s grande y complejo de la historia, por lo que resulta fundamental que todos los contendientes respeten la ley y que los recursos p\u00fablicos se ejerzan con absoluta imparcialidad.&nbsp;<\/p>\n\n\n\n<p>Frente a ello lament\u00f3 que haya quienes consideren como parte de su estrategia electoral recurrir a la descalificaci\u00f3n del \u00e1rbitro electoral por aplicar la Constituci\u00f3n y las leyes, m\u00e1s cuando es inevitable que quienes las violan sean sancionados sin que ello implique estar en contra de ning\u00fan actor o fuerza pol\u00edtica.&nbsp;<\/p>\n\n\n\n<p>\u201cEl INE seguir\u00e1 siendo un \u00e1rbitro vigilante y sin protagonismos ni estridencias ret\u00f3ricas, sacar\u00e1 las tarjetas que sean necesarias para garantizar que el proceso electoral transcurra dentro del marco de la ley\u201d, exalt\u00f3.<\/p>\n\n\n\n<p>El Consejero\u00a0Presidente aprovech\u00f3 la oportunidad para hacer un llamado a todas las fuerzas pol\u00edticas, candidatas y candidatos, a realizar sus estrategias electorales y labores de proselitismo con respeto a los protocolos sanitarios y a evitar actos o acciones que contribuyan al incremento de las curvas de contagio.<\/p>\n\n\n\n<p class=\"has-text-align-center\"><strong>La nueva realidad obliga a atender los protocolos sanitarios durante las campa\u00f1as\u00a0<\/strong><\/p>\n\n\n\n<p>La&nbsp;Consejera Norma&nbsp;De la Cruz se\u00f1al\u00f3 que este hist\u00f3rico proceso electoral presenta nuevos retos y desaf\u00edos como lo implica su desarrollo durante la pandemia sanitaria, por lo que es fundamental el compromiso de todos para no poner en riesgo la salud.&nbsp;<\/p>\n\n\n\n<p>En este sentido llam\u00f3 a los partidos, candidatas y candidatos, as\u00ed como a los militantes y simpatizantes a atender los protocolos sanitarios en el desarrollo y participaci\u00f3n de las campa\u00f1as pol\u00edticas.<\/p>\n\n\n\n<p>\u201cLa nueva realidad nos ha ense\u00f1ado que la salud p\u00fablica es una responsabilidad compartida, que entre todas y todos debemos cuidarnos. Es responsabilidad de todas y de todos reducir el riesgo de sufrir una tercera ola de contagio con sus lamentables decesos\u201d, manifest\u00f3.&nbsp;<\/p>\n\n\n\n<p>El&nbsp;Consejero Uuc-kib Espadas coment\u00f3&nbsp;que a partir de hoy, m\u00e1s de ocho mil candidatas y candidatos saldr\u00e1n a pedir el voto ciudadano y record\u00f3 que es a trav\u00e9s del parlamento que la sociedad civil permea al Estado.<\/p>\n\n\n\n<p>\u201cEntre las 500 curules a elegir, las&nbsp;m\u00e1s importantes son las 200 de Representaci\u00f3n&nbsp;Proporcional a trav\u00e9s de las cuales llegar\u00e1 al Congreso el voto de m\u00e1s de 90 por ciento de quienes decidan ejercer su derecho al voto\u201d.<\/p>\n\n\n\n<p>El Consejero Espadas reconoci\u00f3 la importancia de las medidas afirmativas implementadas por el INE; sin embargo, destac\u00f3 que a\u00fan son insuficientes para lograr una verdadera igualdad.<\/p>\n","protected":false},"excerpt":{"rendered":"<p>Ciudad de M\u00e9xico.- El Instituto Nacional Electoral\u00a0(INE)\u00a0aprob\u00f3 el registro de candidaturas de Mayor\u00eda Relativa y Representaci\u00f3n Proporcional a la C\u00e1mara de Diputados postuladas por partidos pol\u00edticos nacionales y coaliciones con registro vigente, respetando el principio constitucional de paridad y las medidas afirmativas adoptadas para el proceso en curso. En sesi\u00f3n especial del Consejo General, el [&hellip;]<\/p>\n","protected":false},"author":1,"featured_media":10155,"comment_status":"open","ping_status":"open","sticky":false,"template":"","format":"standard","meta":{"_jetpack_memberships_contains_paid_content":false,"footnotes":""},"categories":[12],"tags":[],"class_list":["post-12610","post","type-post","status-publish","format-standard","has-post-thumbnail","hentry","category-nacional"],"jetpack_featured_media_url":"https:\/\/encuentroinformativo.com.mx\/wp-content\/uploads\/2021\/01\/INE-modulos.jpg","jetpack_sharing_enabled":true,"jetpack_likes_enabled":true,"amp_enabled":true,"_links":{"self":[{"href":"https:\/\/encuentroinformativo.com.mx\/index.php?rest_route=\/wp\/v2\/posts\/12610","targetHints":{"allow":["GET"]}}],"collection":[{"href":"https:\/\/encuentroinformativo.com.mx\/index.php?rest_route=\/wp\/v2\/posts"}],"about":[{"href":"https:\/\/encuentroinformativo.com.mx\/index.php?rest_route=\/wp\/v2\/types\/post"}],"author":[{"embeddable":true,"href":"https:\/\/encuentroinformativo.com.mx\/index.php?rest_route=\/wp\/v2\/users\/1"}],"replies":[{"embeddable":true,"href":"https:\/\/encuentroinformativo.com.mx\/index.php?rest_route=%2Fwp%2Fv2%2Fcomments&post=12610"}],"version-history":[{"count":1,"href":"https:\/\/encuentroinformativo.com.mx\/index.php?rest_route=\/wp\/v2\/posts\/12610\/revisions"}],"predecessor-version":[{"id":12611,"href":"https:\/\/encuentroinformativo.com.mx\/index.php?rest_route=\/wp\/v2\/posts\/12610\/revisions\/12611"}],"wp:featuredmedia":[{"embeddable":true,"href":"https:\/\/encuentroinformativo.com.mx\/index.php?rest_route=\/wp\/v2\/media\/10155"}],"wp:attachment":[{"href":"https:\/\/encuentroinformativo.com.mx\/index.php?rest_route=%2Fwp%2Fv2%2Fmedia&parent=12610"}],"wp:term":[{"taxonomy":"category","embeddable":true,"href":"https:\/\/encuentroinformativo.com.mx\/index.php?rest_route=%2Fwp%2Fv2%2Fcategories&post=12610"},{"taxonomy":"post_tag","embeddable":true,"href":"https:\/\/encuentroinformativo.com.mx\/index.php?rest_route=%2Fwp%2Fv2%2Ftags&post=12610"}],"curies":[{"name":"wp","href":"https:\/\/api.w.org\/{rel}","templated":true}]}}