{"id":12612,"date":"2021-04-04T14:28:59","date_gmt":"2021-04-04T19:28:59","guid":{"rendered":"https:\/\/encuentroinformativo.com.mx\/?p=12612"},"modified":"2021-04-04T14:29:03","modified_gmt":"2021-04-04T19:29:03","slug":"con-carrera-inicio-campana-americo-zuniga","status":"publish","type":"post","link":"https:\/\/encuentroinformativo.com.mx\/?p=12612","title":{"rendered":"Con carrera, inici\u00f3 campa\u00f1a Am\u00e9rico Z\u00fa\u00f1iga"},"content":{"rendered":"\n<p><strong>Juan Arcos <\/strong><\/p>\n\n\n\n<p>Xalapa, Ver.- Con una carrera en la Isleta del Paseo de Los Lagos, Am\u00e9rico Z\u00fa\u00f1iga Mart\u00ednez inici\u00f3 su campa\u00f1a como candidato de la alianza \u201cVa por M\u00e9xico\u201d a la diputaci\u00f3n federal por el distrito 10 de Xalapa Urbano.\u00a0<\/p>\n\n\n\n<p>A primera hora de este domingo, el abanderado de la coalici\u00f3n entre los partidos Revolucionario Institucional (PRI), Acci\u00f3n Nacional (PAN) y de la Revoluci\u00f3n Democr\u00e1tica (PRD) se\u00f1al\u00f3 que sus propuestas legislativas tienen que ver con la salud, el desarrollo econ\u00f3mico y la seguridad en la capital.<\/p>\n\n\n\n<p>\u201cVamos a se\u00f1alar muchas cosas que se dejaron de hacer y tenemos que elevar a la propuesta legislativa el mejoramiento de las condiciones laborales y la previsi\u00f3n social para los trabajadores del sector p\u00fablico y privado de la salud\u201d.<\/p>\n\n\n\n<p>En compa\u00f1\u00eda de su familia, un grupo de xalape\u00f1os y de su compa\u00f1ero de f\u00f3rmula, el panista Agust\u00edn Basilio de la Vega, dijo iniciar con mucho \u00e1nimo, mucho entusiasmo, siempre pensando en la dignificaci\u00f3n de la pol\u00edtica.<\/p>\n\n\n\n<p>\u201cArrancamos con un tema fundamental: el tema de salud. Es realmente inadmisible que sea Xalapa una de las tres ciudades de Veracruz con el mayor n\u00famero de muertes en el sector salud tanto p\u00fablico como privado, es realmente preocupante que no haya una adecuada gesti\u00f3n en t\u00e9rminos de salud\u201d.<\/p>\n\n\n\n<p>Cabe mencionar que Xalapa ocupa el segundo lugar estatal con m\u00e1s casos de SARS-COV-2 (COVID-19), donde se han acumulado 4 mil 779 casos positivos, 793 defunciones y 737 casos sospechosos.<\/p>\n\n\n\n<p>Despu\u00e9s de las nueve de la ma\u00f1ana, tambi\u00e9n encabez\u00f3 un mitin pol\u00edtico en la explanada al monumento del exgobernador Adalberto Tejeda, sobre la avenida Xalapa, donde fue apoyado por deportistas y empleados del Sector Salud.<\/p>\n\n\n\n<p>Z\u00fa\u00f1iga Mart\u00ednez escuch\u00f3 las principales necesidades de los trabajadores que se encuentran en la primera l\u00ednea de batalla contra el coronavirus.<\/p>\n\n\n\n<p>\u201cVenimos a tomar esa bandera y hacer compromisos muy serios para que desde la c\u00e1mara de diputados puedan destinarse m\u00e1s recursos para equipamiento, para la profesionalizaci\u00f3n de todo el sector salud, que no sea la prioridad solo los siervos de la naci\u00f3n, que tambi\u00e9n involucren a todo el sector salud, en el sector p\u00fablico, pero tambi\u00e9n en el sector privado, que est\u00e1 desatendido\u201d.<\/p>\n\n\n\n<p>El exalcalde de Xalapa refiri\u00f3 que los m\u00e9dicos y enfermeras han externado su preocupaci\u00f3n por las deficiencias en los hospitales, sobretodo en materia de equipamiento, instalaciones dignas y prestaciones del personal para brindar un mejor servicio.<\/p>\n","protected":false},"excerpt":{"rendered":"<p>Juan Arcos Xalapa, Ver.- Con una carrera en la Isleta del Paseo de Los Lagos, Am\u00e9rico Z\u00fa\u00f1iga Mart\u00ednez inici\u00f3 su campa\u00f1a como candidato de la alianza \u201cVa por M\u00e9xico\u201d a la diputaci\u00f3n federal por el distrito 10 de Xalapa Urbano.\u00a0 A primera hora de este domingo, el abanderado de la coalici\u00f3n entre los partidos Revolucionario [&hellip;]<\/p>\n","protected":false},"author":1,"featured_media":12613,"comment_status":"open","ping_status":"open","sticky":false,"template":"","format":"standard","meta":{"_jetpack_memberships_contains_paid_content":false,"footnotes":""},"categories":[3],"tags":[],"class_list":["post-12612","post","type-post","status-publish","format-standard","has-post-thumbnail","hentry","category-xalapa"],"jetpack_featured_media_url":"https:\/\/encuentroinformativo.com.mx\/wp-content\/uploads\/2021\/04\/F0492854-C446-430A-A032-DE8E17884B17.jpeg","jetpack_sharing_enabled":true,"jetpack_likes_enabled":true,"amp_enabled":true,"_links":{"self":[{"href":"https:\/\/encuentroinformativo.com.mx\/index.php?rest_route=\/wp\/v2\/posts\/12612","targetHints":{"allow":["GET"]}}],"collection":[{"href":"https:\/\/encuentroinformativo.com.mx\/index.php?rest_route=\/wp\/v2\/posts"}],"about":[{"href":"https:\/\/encuentroinformativo.com.mx\/index.php?rest_route=\/wp\/v2\/types\/post"}],"author":[{"embeddable":true,"href":"https:\/\/encuentroinformativo.com.mx\/index.php?rest_route=\/wp\/v2\/users\/1"}],"replies":[{"embeddable":true,"href":"https:\/\/encuentroinformativo.com.mx\/index.php?rest_route=%2Fwp%2Fv2%2Fcomments&post=12612"}],"version-history":[{"count":1,"href":"https:\/\/encuentroinformativo.com.mx\/index.php?rest_route=\/wp\/v2\/posts\/12612\/revisions"}],"predecessor-version":[{"id":12614,"href":"https:\/\/encuentroinformativo.com.mx\/index.php?rest_route=\/wp\/v2\/posts\/12612\/revisions\/12614"}],"wp:featuredmedia":[{"embeddable":true,"href":"https:\/\/encuentroinformativo.com.mx\/index.php?rest_route=\/wp\/v2\/media\/12613"}],"wp:attachment":[{"href":"https:\/\/encuentroinformativo.com.mx\/index.php?rest_route=%2Fwp%2Fv2%2Fmedia&parent=12612"}],"wp:term":[{"taxonomy":"category","embeddable":true,"href":"https:\/\/encuentroinformativo.com.mx\/index.php?rest_route=%2Fwp%2Fv2%2Fcategories&post=12612"},{"taxonomy":"post_tag","embeddable":true,"href":"https:\/\/encuentroinformativo.com.mx\/index.php?rest_route=%2Fwp%2Fv2%2Ftags&post=12612"}],"curies":[{"name":"wp","href":"https:\/\/api.w.org\/{rel}","templated":true}]}}