{"id":12615,"date":"2021-04-04T15:43:37","date_gmt":"2021-04-04T20:43:37","guid":{"rendered":"https:\/\/encuentroinformativo.com.mx\/?p=12615"},"modified":"2021-04-04T15:43:41","modified_gmt":"2021-04-04T20:43:41","slug":"prd-crecio-4-puntos-segun-meza-abud","status":"publish","type":"post","link":"https:\/\/encuentroinformativo.com.mx\/?p=12615","title":{"rendered":"PRD creci\u00f3 4 puntos, seg\u00fan Meza Abud"},"content":{"rendered":"\n<p><strong>Juan Arcos<\/strong><\/p>\n\n\n\n<p>Xalapa, Ver.- El dirigente municipal del Partido de la Revoluci\u00f3n Democr\u00e1tica (PRD), Alberto Meza Abud, consider\u00f3 que ha crecido la preferencia electoral hacia dicho organismo pol\u00edtico en la capital del estado.<\/p>\n\n\n\n<p>El l\u00edder del Sol Azteca indic\u00f3 que, antes del proceso para la reestructuraci\u00f3n del partido, la preferencia electoral en Xalapa era del 2 por ciento; sin embargo, actualmente supera el 6 por ciento.<\/p>\n\n\n\n<p>\u201cEstamos muy contentos por el avance que hemos tenido. Esto lo \u00fanico que va a significar es que dentro de la alianza que se d\u00e9 a nivel federal, local o municipal, vamos a hacer la diferencia entre ganar o perder\u201d.<\/p>\n\n\n\n<p>El entrevistado mencion\u00f3 que en Xalapa hay una militancia de mil 100 personas activas, pero, a su juicio, lo m\u00e1s importante es el avance obtenido con la sociedad.<\/p>\n\n\n\n<p>\u201cTambi\u00e9n hay comit\u00e9s de base que se est\u00e1n conformando y eso es lo que nos est\u00e1 dando la fortaleza para salir fuertes en el pr\u00f3ximo proceso\u201d.<\/p>\n\n\n\n<p>Coment\u00f3 que, en los recorridos que lleva a cabo el PRD en zonas de la periferia de la ciudad, los pobladores se sienten decepcionados por el gobierno que encabeza el Movimiento de Regeneraci\u00f3n Nacional (Morena).<\/p>\n\n\n\n<p>\u201cLa gente, desde un inicio, ten\u00eda una gran expectativa con este gobierno que realmente dej\u00f3 mucho que desear, no hubo obra p\u00fablica, no hubo apoyo del tema COVID y hoy en el des\u00e1nimo de la gente y el profundo rechazo hacia Morena, esto nos va a dar una gran fortaleza para ganar este pr\u00f3ximo 6 de junio\u201d.<\/p>\n\n\n\n<p>Cabe recordar que el candidato en Xalapa de la alianza \u201cVeracruz Va\u201d, entre el PAN, PRI y PRD, es el empresario David Velasco Chedraui.<\/p>\n","protected":false},"excerpt":{"rendered":"<p>Juan Arcos Xalapa, Ver.- El dirigente municipal del Partido de la Revoluci\u00f3n Democr\u00e1tica (PRD), Alberto Meza Abud, consider\u00f3 que ha crecido la preferencia electoral hacia dicho organismo pol\u00edtico en la capital del estado. El l\u00edder del Sol Azteca indic\u00f3 que, antes del proceso para la reestructuraci\u00f3n del partido, la preferencia electoral en Xalapa era del [&hellip;]<\/p>\n","protected":false},"author":1,"featured_media":12616,"comment_status":"open","ping_status":"open","sticky":false,"template":"","format":"standard","meta":{"_jetpack_memberships_contains_paid_content":false,"footnotes":""},"categories":[3],"tags":[],"class_list":["post-12615","post","type-post","status-publish","format-standard","has-post-thumbnail","hentry","category-xalapa"],"jetpack_featured_media_url":"https:\/\/encuentroinformativo.com.mx\/wp-content\/uploads\/2021\/04\/45D573B2-E1B8-494E-8B26-15528DE225D3.jpeg","jetpack_sharing_enabled":true,"jetpack_likes_enabled":true,"amp_enabled":true,"_links":{"self":[{"href":"https:\/\/encuentroinformativo.com.mx\/index.php?rest_route=\/wp\/v2\/posts\/12615","targetHints":{"allow":["GET"]}}],"collection":[{"href":"https:\/\/encuentroinformativo.com.mx\/index.php?rest_route=\/wp\/v2\/posts"}],"about":[{"href":"https:\/\/encuentroinformativo.com.mx\/index.php?rest_route=\/wp\/v2\/types\/post"}],"author":[{"embeddable":true,"href":"https:\/\/encuentroinformativo.com.mx\/index.php?rest_route=\/wp\/v2\/users\/1"}],"replies":[{"embeddable":true,"href":"https:\/\/encuentroinformativo.com.mx\/index.php?rest_route=%2Fwp%2Fv2%2Fcomments&post=12615"}],"version-history":[{"count":1,"href":"https:\/\/encuentroinformativo.com.mx\/index.php?rest_route=\/wp\/v2\/posts\/12615\/revisions"}],"predecessor-version":[{"id":12617,"href":"https:\/\/encuentroinformativo.com.mx\/index.php?rest_route=\/wp\/v2\/posts\/12615\/revisions\/12617"}],"wp:featuredmedia":[{"embeddable":true,"href":"https:\/\/encuentroinformativo.com.mx\/index.php?rest_route=\/wp\/v2\/media\/12616"}],"wp:attachment":[{"href":"https:\/\/encuentroinformativo.com.mx\/index.php?rest_route=%2Fwp%2Fv2%2Fmedia&parent=12615"}],"wp:term":[{"taxonomy":"category","embeddable":true,"href":"https:\/\/encuentroinformativo.com.mx\/index.php?rest_route=%2Fwp%2Fv2%2Fcategories&post=12615"},{"taxonomy":"post_tag","embeddable":true,"href":"https:\/\/encuentroinformativo.com.mx\/index.php?rest_route=%2Fwp%2Fv2%2Ftags&post=12615"}],"curies":[{"name":"wp","href":"https:\/\/api.w.org\/{rel}","templated":true}]}}