{"id":12621,"date":"2021-04-04T15:53:23","date_gmt":"2021-04-04T20:53:23","guid":{"rendered":"https:\/\/encuentroinformativo.com.mx\/?p=12621"},"modified":"2021-04-04T15:53:28","modified_gmt":"2021-04-04T20:53:28","slug":"vecinos-promoveran-amparo-contra-ciclovia","status":"publish","type":"post","link":"https:\/\/encuentroinformativo.com.mx\/?p=12621","title":{"rendered":"Vecinos promover\u00e1n amparo contra ciclov\u00eda"},"content":{"rendered":"\n<p><strong>Juan Arcos<\/strong><\/p>\n\n\n\n<p>Xalapa, Ver.- Vecinos de la avenida Adolfo Ruiz Cortines promover\u00e1n un amparo cuando sucedan accidentes o se registre caos vial a causa de la ciclov\u00eda que fue habilitada por el ayuntamiento de Xalapa sobre dicha arteria vehicular.<\/p>\n\n\n\n<p>De acuerdo con Francisco Carmona Cort\u00e9s, vecino del lugar, hay inconsistencias en la obra para la adecuaci\u00f3n de la ciclov\u00eda, situaci\u00f3n que han venido manifestando los pobladores y comerciantes de la zona.<\/p>\n\n\n\n<p>\u201cSe dijo muchas veces por la misma autoridad municipal que esta obra era para movilidad, estamos hablando de que la movilidad es para llevar a los trabajos, para que se mueva la gente a sus trabajos y muchas veces reiteraron que no es de usos recreativo; sin embargo, los que invitaron a la inauguraci\u00f3n son los grupos de Physis Ciclovida y parece que ellos son los m\u00e1s interesados, ellos son ciclistas que hacen deporte y esto no es para eso\u201d.<\/p>\n\n\n\n<p>El entrevistado mencion\u00f3 que los vecinos han levantado la voz, toda vez que la operaci\u00f3n de la ciclov\u00eda generar\u00e1 conflictos sobre la avenida mencionada.<\/p>\n\n\n\n<p>En ese sentido, coment\u00f3 que para proceder legalmente es necesario que ocurran incidentes derivados del funcionamiento de la ciclov\u00eda, misma que comprende un tramo de 11 kil\u00f3metros y cost\u00f3 al ayuntamiento de Xalapa por lo menos 14 millones de pesos.<\/p>\n\n\n\n<p>\u201cTenemos que esperar para que podamos ejercer el acto legal, el amparo lo tenemos terminado, necesitamos que ellos terminen la ciclov\u00eda y despu\u00e9s decir si la obra est\u00e1 bien dise\u00f1ada o no. El amparo se va a meter en cuanto se generen las consecuencias que nosotros hemos dicho\u201d.<\/p>\n\n\n\n<p>Carmona Cort\u00e9s consider\u00f3 que la pandemia del SARS-COV-2 (COVID-19) ha reducido el flujo vehicular en esta v\u00eda de comunicaci\u00f3n; sin embargo, cuando los estudiantes regresen a clases presenciales, podr\u00edan registrarse problemas viales.<\/p>\n\n\n\n<p>\u201cEstamos esperando eso, tenemos que esperar el momento y el tiempo, inmediatamente que esto suceda estaremos interponiendo el amparo\u201d.<\/p>\n\n\n\n<p>Un grupo de vecinos protest\u00f3 varias veces sobre la avenida Ruiz Cortines para exigir al gobierno municipal que detuvieran el proyecto de la ciclov\u00eda; sin embargo, el pasado 1 de abril fue inaugurada en un tramo que va de las oficinas de la Secretar\u00eda de Finanzas y Planeaci\u00f3n (Sefiplan) a la escuela preparatoria \u201cArt\u00edculo Tercero Constitucional\u201d.<\/p>\n","protected":false},"excerpt":{"rendered":"<p>Juan Arcos Xalapa, Ver.- Vecinos de la avenida Adolfo Ruiz Cortines promover\u00e1n un amparo cuando sucedan accidentes o se registre caos vial a causa de la ciclov\u00eda que fue habilitada por el ayuntamiento de Xalapa sobre dicha arteria vehicular. De acuerdo con Francisco Carmona Cort\u00e9s, vecino del lugar, hay inconsistencias en la obra para la [&hellip;]<\/p>\n","protected":false},"author":1,"featured_media":12619,"comment_status":"open","ping_status":"open","sticky":false,"template":"","format":"standard","meta":{"_jetpack_memberships_contains_paid_content":false,"footnotes":""},"categories":[3],"tags":[],"class_list":["post-12621","post","type-post","status-publish","format-standard","has-post-thumbnail","hentry","category-xalapa"],"jetpack_featured_media_url":"https:\/\/encuentroinformativo.com.mx\/wp-content\/uploads\/2021\/04\/62816A7E-68DE-464B-B323-F5681ABEA2FA.jpeg","jetpack_sharing_enabled":true,"jetpack_likes_enabled":true,"amp_enabled":true,"_links":{"self":[{"href":"https:\/\/encuentroinformativo.com.mx\/index.php?rest_route=\/wp\/v2\/posts\/12621","targetHints":{"allow":["GET"]}}],"collection":[{"href":"https:\/\/encuentroinformativo.com.mx\/index.php?rest_route=\/wp\/v2\/posts"}],"about":[{"href":"https:\/\/encuentroinformativo.com.mx\/index.php?rest_route=\/wp\/v2\/types\/post"}],"author":[{"embeddable":true,"href":"https:\/\/encuentroinformativo.com.mx\/index.php?rest_route=\/wp\/v2\/users\/1"}],"replies":[{"embeddable":true,"href":"https:\/\/encuentroinformativo.com.mx\/index.php?rest_route=%2Fwp%2Fv2%2Fcomments&post=12621"}],"version-history":[{"count":1,"href":"https:\/\/encuentroinformativo.com.mx\/index.php?rest_route=\/wp\/v2\/posts\/12621\/revisions"}],"predecessor-version":[{"id":12622,"href":"https:\/\/encuentroinformativo.com.mx\/index.php?rest_route=\/wp\/v2\/posts\/12621\/revisions\/12622"}],"wp:featuredmedia":[{"embeddable":true,"href":"https:\/\/encuentroinformativo.com.mx\/index.php?rest_route=\/wp\/v2\/media\/12619"}],"wp:attachment":[{"href":"https:\/\/encuentroinformativo.com.mx\/index.php?rest_route=%2Fwp%2Fv2%2Fmedia&parent=12621"}],"wp:term":[{"taxonomy":"category","embeddable":true,"href":"https:\/\/encuentroinformativo.com.mx\/index.php?rest_route=%2Fwp%2Fv2%2Fcategories&post=12621"},{"taxonomy":"post_tag","embeddable":true,"href":"https:\/\/encuentroinformativo.com.mx\/index.php?rest_route=%2Fwp%2Fv2%2Ftags&post=12621"}],"curies":[{"name":"wp","href":"https:\/\/api.w.org\/{rel}","templated":true}]}}