{"id":12640,"date":"2021-04-05T13:55:50","date_gmt":"2021-04-05T18:55:50","guid":{"rendered":"https:\/\/encuentroinformativo.com.mx\/?p=12640"},"modified":"2021-04-05T13:55:55","modified_gmt":"2021-04-05T18:55:55","slug":"zona-conurbada-registro-baja-ocupacion-hotelera","status":"publish","type":"post","link":"https:\/\/encuentroinformativo.com.mx\/?p=12640","title":{"rendered":"Zona conurbada registr\u00f3 baja ocupaci\u00f3n hotelera"},"content":{"rendered":"\n<p><strong>Alejandro \u00c1vila<\/strong><\/p>\n\n\n\n<p>Veracruz, Ver.- El presidente del Consejo Metropolitano de Turismo (COMETUR), Sergio Lois Heredia, asegur\u00f3 que fue desproporcional el n\u00famero de turistas que se vieron en las calles y playas, con la que se hosped\u00f3 en los hoteles de la zona conurbada Veracruz &#8211; Boca del R\u00edo.<\/p>\n\n\n\n<p>Detall\u00f3 que a pesar de que en el fin de semana m\u00e1s fuerte de la Semana Santa se registr\u00f3 una gran afluencia de turista en ambos municipios, la ocupaci\u00f3n hotelera solo fue del 70 por ciento.<\/p>\n\n\n\n<p>&#8220;Es un porcentaje que m\u00e1s o menos esperabamos tenerlo, nos asutamos un poco llegando los meros d\u00edas porque la verdad es que no hab\u00eda reservaciones y la gente fue llegando muy lentamente. Creo que el clima del viernes por ah\u00ed nos jug\u00f3 una mala pasada y nos retras\u00f3 un poquito que llegaran los turistas, y hab\u00eda un poco de m\u00e1s afluencia para el s\u00e1bado&#8221;, apunt\u00f3.<\/p>\n\n\n\n<p>El empresario resalt\u00f3 que el jueves solo hubo un 50 por ciento de ocupaci\u00f3n hotelera y el domingo no lo cuentan, pues es el d\u00eda de salida de las personas hac\u00eda sus hogares.<\/p>\n\n\n\n<p>&#8220;En especifico, viernes y s\u00e1bado, un 70 por ciento de ocupaci\u00f3n, algunos hoteles m\u00e1s, otroa hoteles menos, muy pocos sino es que ninguno llen\u00f3. Habr\u00e1 que analizar que est\u00e1 pasando con el turismo, porque no es proporcional el n\u00famero de personas que vemos en las playas, que vemos en las calles, como el n\u00famero de personas que vemos tanto en establecimientos de hospedajes, como restaurantes, como centros comerciales, entonces tendremos que analizar a todas esas personas que vienen a la playa si es que pernoctan en Veracruz, cuanta derrama dejan en Veracruz, o bien donde se est\u00e1n quedando&#8221;, resalt\u00f3.<\/p>\n\n\n\n<p>En otro tema, y al respecto del proyecto de Independencia Peatonal, el cual durante esta Semana Santa se realiz\u00f3 todos los d\u00edas y no solo los fines de semana, dijo que ha sido bien aceptado tanto por locales como por turistas.<\/p>\n\n\n\n<p>&#8220;Los turistas se llevan un buen sabor de boca de la vida que genera este programa Independencia Peatonal, en el primer cuadro de nuestra ciudad y en el primer casco, les genera una experiencia muy bonita, muy interesante, todos con los que hemos tenido contacto se han expresado muy bien de estas actividades y pues ojal\u00e1 contin\u00faen tanto en temporadas vacacionales, como en temporadas no vacacionales. Es algo que activa bastante al Centro Hist\u00f3rico, que es algo que mucha falta le hac\u00eda&#8221;<\/p>\n","protected":false},"excerpt":{"rendered":"<p>Alejandro \u00c1vila Veracruz, Ver.- El presidente del Consejo Metropolitano de Turismo (COMETUR), Sergio Lois Heredia, asegur\u00f3 que fue desproporcional el n\u00famero de turistas que se vieron en las calles y playas, con la que se hosped\u00f3 en los hoteles de la zona conurbada Veracruz &#8211; Boca del R\u00edo. Detall\u00f3 que a pesar de que en [&hellip;]<\/p>\n","protected":false},"author":1,"featured_media":12641,"comment_status":"open","ping_status":"open","sticky":false,"template":"","format":"standard","meta":{"_jetpack_memberships_contains_paid_content":false,"footnotes":""},"categories":[2],"tags":[],"class_list":["post-12640","post","type-post","status-publish","format-standard","has-post-thumbnail","hentry","category-estado"],"jetpack_featured_media_url":"https:\/\/encuentroinformativo.com.mx\/wp-content\/uploads\/2021\/04\/F15AAEDF-B3D2-4C29-9F60-654DA18F1FCE.jpeg","jetpack_sharing_enabled":true,"jetpack_likes_enabled":true,"amp_enabled":true,"_links":{"self":[{"href":"https:\/\/encuentroinformativo.com.mx\/index.php?rest_route=\/wp\/v2\/posts\/12640","targetHints":{"allow":["GET"]}}],"collection":[{"href":"https:\/\/encuentroinformativo.com.mx\/index.php?rest_route=\/wp\/v2\/posts"}],"about":[{"href":"https:\/\/encuentroinformativo.com.mx\/index.php?rest_route=\/wp\/v2\/types\/post"}],"author":[{"embeddable":true,"href":"https:\/\/encuentroinformativo.com.mx\/index.php?rest_route=\/wp\/v2\/users\/1"}],"replies":[{"embeddable":true,"href":"https:\/\/encuentroinformativo.com.mx\/index.php?rest_route=%2Fwp%2Fv2%2Fcomments&post=12640"}],"version-history":[{"count":1,"href":"https:\/\/encuentroinformativo.com.mx\/index.php?rest_route=\/wp\/v2\/posts\/12640\/revisions"}],"predecessor-version":[{"id":12642,"href":"https:\/\/encuentroinformativo.com.mx\/index.php?rest_route=\/wp\/v2\/posts\/12640\/revisions\/12642"}],"wp:featuredmedia":[{"embeddable":true,"href":"https:\/\/encuentroinformativo.com.mx\/index.php?rest_route=\/wp\/v2\/media\/12641"}],"wp:attachment":[{"href":"https:\/\/encuentroinformativo.com.mx\/index.php?rest_route=%2Fwp%2Fv2%2Fmedia&parent=12640"}],"wp:term":[{"taxonomy":"category","embeddable":true,"href":"https:\/\/encuentroinformativo.com.mx\/index.php?rest_route=%2Fwp%2Fv2%2Fcategories&post=12640"},{"taxonomy":"post_tag","embeddable":true,"href":"https:\/\/encuentroinformativo.com.mx\/index.php?rest_route=%2Fwp%2Fv2%2Ftags&post=12640"}],"curies":[{"name":"wp","href":"https:\/\/api.w.org\/{rel}","templated":true}]}}