{"id":12646,"date":"2021-04-05T14:36:16","date_gmt":"2021-04-05T19:36:16","guid":{"rendered":"https:\/\/encuentroinformativo.com.mx\/?p=12646"},"modified":"2021-04-05T14:36:20","modified_gmt":"2021-04-05T19:36:20","slug":"siguen-disputas-por-plaza-en-la-zona-centro","status":"publish","type":"post","link":"https:\/\/encuentroinformativo.com.mx\/?p=12646","title":{"rendered":"Siguen disputas por plaza en la zona centro"},"content":{"rendered":"\n<p><strong>Dar\u00edo Pale <\/strong><\/p>\n\n\n\n<p>Xalapa, Ver.- El gobernador del estado Cuitl\u00e1huac Garc\u00eda Jim\u00e9nez dio a conocer que est\u00e1n investigando a una persona apodada\u00a0&#8220;El C\u00e1ner&#8221;, mismo que fue detenido en 2018, por su presunta participaci\u00f3n en el crimen de Valeria Cruz Medel, hija de la diputada de Morena, Carmen Medel, esto seg\u00fan lo dio a conocer el propio exgobernador Miguel \u00c1ngel Yunes Linares en aquel momento.<\/p>\n\n\n\n<p>En conferencia de prensa realizada en la sala de Banderas de Palacio de gobierno se\u00f1al\u00f3 que,\u00a0&#8220;las acciones que se llevaron a cabo en Orizaba (el pasado 30 de marzo, por la detenci\u00f3n de los hermanos Mois\u00e9s y Ra\u00fal Mart\u00ednez L\u00f3pez, Jos\u00e9 Rogelio V\u00e1squez L\u00f3pez, Itzel Moreno Huerta y Adriana Isabel Navarro Cid) tienen que ver con un tal alias &#8220;El Caner&#8221;, ya lo voy a decir as\u00ed, porque es un presunto responsable de delitos de desaparici\u00f3n de particulares y de cercenar a sus v\u00edctimas\u00a0 y tiene c\u00f3mplices que distribuyen su droga&#8221;.<\/p>\n\n\n\n<p>Dio a conocer que lo anterior es derivado de las protestas que se han registrado por la detenci\u00f3n de Mois\u00e9s y Ra\u00fal Mart\u00edn L\u00f3pez,\u00a0\u00a0que en la disputa por la plaza los j\u00f3venes ponen en riesgo su vida y ante el embate del gobierno por detener a los integrantes de dos bandas que se disputan la plaza, se han quedado sin distribuidores de droga, por lo que\u00a0entonces est\u00e1n buscando a los consumidores para que a su vez sean nuevos distribuidores.<\/p>\n\n\n\n<p>&#8220;Lo malo es que si llegan a cooptar a uno de ellos, el bando contrario lo toma como enemigo y lo anda buscando para amenazarlo y si no acepta las condiciones, lo desaparecen&#8221;, se\u00f1al\u00f3.<\/p>\n\n\n\n<p>Puntualiz\u00f3 que en Orizaba, C\u00f3rdoba, entre otros municipios de la zona centro, hay dos bandas del crimen organizado que pelean la plaza,\u00a0 \u201cse pelean las plazas no solamente porque tienen negocios de los giros negros, la extorsi\u00f3n&#8230; lamentablemente en la distribuci\u00f3n de droga, el narcomenudeo que hacen, se disputan los puntos de venta, qui\u00e9n vende la droga en el narcomenudeo y traen una serie de venganzas&#8221;.<\/p>\n\n\n\n<p>&#8220;Lamentablemente a veces se llevan a inocentes entre sus venganzas, por eso no les tenemos que permitir que act\u00faen de esa manera, ninguno&#8221;, agreg\u00f3.<\/p>\n\n\n\n<p>Recalc\u00f3 que los delincuentes en aquella zona descuartizan a sus v\u00edctimas y revel\u00f3 que hay fotos de los puntos de venta desde donde operan, lo cual ya investigan, por lo\u00a0que las detenciones que se llevaron a cabo en Orizaba, entre \u00e9stas la de los j\u00f3venes por los que sus familiares se han manifestado, tiene que ver un presunto delincuente de alias &#8220;El C\u00e1ner&#8221;.<\/p>\n\n\n\n<p>Afirm\u00f3 que vigilar\u00e1 que se respeten los derechos humanos de los j\u00f3venes y personas adultas detenidas en Orizaba y que el proceso judicial se lleve conforme a Derecho, ya\u00a0que la Fiscal\u00eda General del Estado deber\u00e1 probar sus acusaciones y la defensa tendr\u00e1 que hacer valer sus pruebas en contra.<\/p>\n","protected":false},"excerpt":{"rendered":"<p>Dar\u00edo Pale Xalapa, Ver.- El gobernador del estado Cuitl\u00e1huac Garc\u00eda Jim\u00e9nez dio a conocer que est\u00e1n investigando a una persona apodada\u00a0&#8220;El C\u00e1ner&#8221;, mismo que fue detenido en 2018, por su presunta participaci\u00f3n en el crimen de Valeria Cruz Medel, hija de la diputada de Morena, Carmen Medel, esto seg\u00fan lo dio a conocer el propio [&hellip;]<\/p>\n","protected":false},"author":1,"featured_media":12647,"comment_status":"open","ping_status":"open","sticky":false,"template":"","format":"standard","meta":{"_jetpack_memberships_contains_paid_content":false,"footnotes":""},"categories":[2],"tags":[],"class_list":["post-12646","post","type-post","status-publish","format-standard","has-post-thumbnail","hentry","category-estado"],"jetpack_featured_media_url":"https:\/\/encuentroinformativo.com.mx\/wp-content\/uploads\/2021\/04\/435D76B8-41A1-4FBE-BD02-40C758321701.jpeg","jetpack_sharing_enabled":true,"jetpack_likes_enabled":true,"amp_enabled":true,"_links":{"self":[{"href":"https:\/\/encuentroinformativo.com.mx\/index.php?rest_route=\/wp\/v2\/posts\/12646","targetHints":{"allow":["GET"]}}],"collection":[{"href":"https:\/\/encuentroinformativo.com.mx\/index.php?rest_route=\/wp\/v2\/posts"}],"about":[{"href":"https:\/\/encuentroinformativo.com.mx\/index.php?rest_route=\/wp\/v2\/types\/post"}],"author":[{"embeddable":true,"href":"https:\/\/encuentroinformativo.com.mx\/index.php?rest_route=\/wp\/v2\/users\/1"}],"replies":[{"embeddable":true,"href":"https:\/\/encuentroinformativo.com.mx\/index.php?rest_route=%2Fwp%2Fv2%2Fcomments&post=12646"}],"version-history":[{"count":1,"href":"https:\/\/encuentroinformativo.com.mx\/index.php?rest_route=\/wp\/v2\/posts\/12646\/revisions"}],"predecessor-version":[{"id":12648,"href":"https:\/\/encuentroinformativo.com.mx\/index.php?rest_route=\/wp\/v2\/posts\/12646\/revisions\/12648"}],"wp:featuredmedia":[{"embeddable":true,"href":"https:\/\/encuentroinformativo.com.mx\/index.php?rest_route=\/wp\/v2\/media\/12647"}],"wp:attachment":[{"href":"https:\/\/encuentroinformativo.com.mx\/index.php?rest_route=%2Fwp%2Fv2%2Fmedia&parent=12646"}],"wp:term":[{"taxonomy":"category","embeddable":true,"href":"https:\/\/encuentroinformativo.com.mx\/index.php?rest_route=%2Fwp%2Fv2%2Fcategories&post=12646"},{"taxonomy":"post_tag","embeddable":true,"href":"https:\/\/encuentroinformativo.com.mx\/index.php?rest_route=%2Fwp%2Fv2%2Ftags&post=12646"}],"curies":[{"name":"wp","href":"https:\/\/api.w.org\/{rel}","templated":true}]}}