{"id":12649,"date":"2021-04-05T14:39:50","date_gmt":"2021-04-05T19:39:50","guid":{"rendered":"https:\/\/encuentroinformativo.com.mx\/?p=12649"},"modified":"2021-04-05T14:39:54","modified_gmt":"2021-04-05T19:39:54","slug":"en-vacunacion-de-alvarado-dan-prioridad-a-quienes-se-registraron","status":"publish","type":"post","link":"https:\/\/encuentroinformativo.com.mx\/?p=12649","title":{"rendered":"En vacunaci\u00f3n de Alvarado dan prioridad a quienes se registraron"},"content":{"rendered":"\n<p><strong>Alejandro \u00c1vila<\/strong><\/p>\n\n\n\n<p>Alvarado, Ver.- A diferencia de otros municipios, en Alvarado s\u00ed dieron prioridad a quienes se registraron previamente para poderse vacunar, se\u00f1alaron familiares de adultos mayores.<\/p>\n\n\n\n<p>Desde las 10 de la noche de este domingo, amigos y familia de los adultos mayores acudieron a los tres centros de vacunaci\u00f3n a hacer cola, y no hubo nadie que les informara que deb\u00edan estar pre registrados.<\/p>\n\n\n\n<p>Las vacunas comenzaron a aplicarse desde las 8 de la ma\u00f1ana y terminar\u00e1n a las 5 de la tarde en el Domo Atlizintla de la cabecera municipal y en la escuela primaria &#8220;Almirante Gabriel Carvallo&#8221; de la localidad de Ant\u00f3n Lizardo; mientras que en la escuela Telesecundaria &#8220;L\u00e1zaro C\u00e1rdenas del R\u00edo&#8221; en la localidad de Salinas, solo ser\u00e1 de 8 de la ma\u00f1ana a 3 de la tarde.<\/p>\n\n\n\n<p>Cabe recordar que en el municipio de Alvarado la vacunaci\u00f3n se llevar\u00e1 a cabo solo los d\u00edas 5 y 6 de abril para su primer dosis; en las localidades de Salinas y Ant\u00f3n Lizardo en ambos d\u00edas ser\u00e1 para todos los apellidos, de la A a la Z, mientra que en la cabecera municipal, el lunes 5 de abril, de la A a la M, y el martes 6 de abril de la N a la Z.<\/p>\n\n\n\n<p>Seg\u00fan reportes de las autoridades de la Jurisdicci\u00f3n Sanitaria, la vacunaci\u00f3n se ha realizado sin mayor contratiempo.<\/p>\n","protected":false},"excerpt":{"rendered":"<p>Alejandro \u00c1vila Alvarado, Ver.- A diferencia de otros municipios, en Alvarado s\u00ed dieron prioridad a quienes se registraron previamente para poderse vacunar, se\u00f1alaron familiares de adultos mayores. Desde las 10 de la noche de este domingo, amigos y familia de los adultos mayores acudieron a los tres centros de vacunaci\u00f3n a hacer cola, y no [&hellip;]<\/p>\n","protected":false},"author":1,"featured_media":12650,"comment_status":"open","ping_status":"open","sticky":false,"template":"","format":"standard","meta":{"_jetpack_memberships_contains_paid_content":false,"footnotes":""},"categories":[2],"tags":[],"class_list":["post-12649","post","type-post","status-publish","format-standard","has-post-thumbnail","hentry","category-estado"],"jetpack_featured_media_url":"https:\/\/encuentroinformativo.com.mx\/wp-content\/uploads\/2021\/04\/4C2335F2-3DE1-4847-A11F-1C4385FAC4BD.jpeg","jetpack_sharing_enabled":true,"jetpack_likes_enabled":true,"amp_enabled":true,"_links":{"self":[{"href":"https:\/\/encuentroinformativo.com.mx\/index.php?rest_route=\/wp\/v2\/posts\/12649","targetHints":{"allow":["GET"]}}],"collection":[{"href":"https:\/\/encuentroinformativo.com.mx\/index.php?rest_route=\/wp\/v2\/posts"}],"about":[{"href":"https:\/\/encuentroinformativo.com.mx\/index.php?rest_route=\/wp\/v2\/types\/post"}],"author":[{"embeddable":true,"href":"https:\/\/encuentroinformativo.com.mx\/index.php?rest_route=\/wp\/v2\/users\/1"}],"replies":[{"embeddable":true,"href":"https:\/\/encuentroinformativo.com.mx\/index.php?rest_route=%2Fwp%2Fv2%2Fcomments&post=12649"}],"version-history":[{"count":1,"href":"https:\/\/encuentroinformativo.com.mx\/index.php?rest_route=\/wp\/v2\/posts\/12649\/revisions"}],"predecessor-version":[{"id":12651,"href":"https:\/\/encuentroinformativo.com.mx\/index.php?rest_route=\/wp\/v2\/posts\/12649\/revisions\/12651"}],"wp:featuredmedia":[{"embeddable":true,"href":"https:\/\/encuentroinformativo.com.mx\/index.php?rest_route=\/wp\/v2\/media\/12650"}],"wp:attachment":[{"href":"https:\/\/encuentroinformativo.com.mx\/index.php?rest_route=%2Fwp%2Fv2%2Fmedia&parent=12649"}],"wp:term":[{"taxonomy":"category","embeddable":true,"href":"https:\/\/encuentroinformativo.com.mx\/index.php?rest_route=%2Fwp%2Fv2%2Fcategories&post=12649"},{"taxonomy":"post_tag","embeddable":true,"href":"https:\/\/encuentroinformativo.com.mx\/index.php?rest_route=%2Fwp%2Fv2%2Ftags&post=12649"}],"curies":[{"name":"wp","href":"https:\/\/api.w.org\/{rel}","templated":true}]}}