{"id":12652,"date":"2021-04-05T15:50:51","date_gmt":"2021-04-05T20:50:51","guid":{"rendered":"https:\/\/encuentroinformativo.com.mx\/?p=12652"},"modified":"2021-04-05T15:50:55","modified_gmt":"2021-04-05T20:50:55","slug":"aumentan-asaltos-en-cerro-de-las-culebras","status":"publish","type":"post","link":"https:\/\/encuentroinformativo.com.mx\/?p=12652","title":{"rendered":"Aumentan asaltos en Cerro de las Culebras"},"content":{"rendered":"\n<p><strong>Juan Arcos<\/strong><\/p>\n\n\n\n<p>Coatepec, Ver.- Delincuentes usan las cuevas del Cerro de las Culebras, en el municipio de Coatepec, como un escondite para sorprender a los visitantes y asaltarlos.<\/p>\n\n\n\n<p>Los habitantes del Pueblo M\u00e1gico denunciaron que dicha situaci\u00f3n hab\u00eda sido constante durante los \u00faltimos meses en el atractivo tur\u00edstico mencionado.<\/p>\n\n\n\n<p>De acuerdo con Luc\u00eda Ort\u00edz, vecina de Coatepec, hasta hace unas semanas no se observaba la presencia de polic\u00edas municipales.<\/p>\n\n\n\n<p>Sin embargo, recientemente ha incrementado la vigilancia por parte de los elementos de seguridad, situaci\u00f3n que ha brindado una mayor tranquilidad, tanto a los lugare\u00f1os como a los turistas.<\/p>\n\n\n\n<p>\u201cHay gente que sale y asalta a las personas. Conozco a varios amigos que han subido y s\u00ed los han asaltado, pero gracias a Dios nunca nos ha tocado\u201d.<\/p>\n\n\n\n<p>Elementos de la Polic\u00eda Municipal han detectado que un hombre ataca a los transe\u00fantes con un arma blanca para despojarlos de sus pertenencias.<\/p>\n\n\n\n<p>Por tal motivo, los polic\u00edas que rondan la zona dieron a conocer que ha incrementado el n\u00famero de patrullajes en el Cerro de las Culebras, sobre todo en las inmediaciones de las cuevas.<\/p>\n\n\n\n<p>Adem\u00e1s, se redujo el horario de visitas de nueve de la ma\u00f1ana a seis de la tarde, para evitar que haya personas en el lugar cuando ya oscureci\u00f3 y as\u00ed reducir la incidencia delictiva.<\/p>\n","protected":false},"excerpt":{"rendered":"<p>Juan Arcos Coatepec, Ver.- Delincuentes usan las cuevas del Cerro de las Culebras, en el municipio de Coatepec, como un escondite para sorprender a los visitantes y asaltarlos. Los habitantes del Pueblo M\u00e1gico denunciaron que dicha situaci\u00f3n hab\u00eda sido constante durante los \u00faltimos meses en el atractivo tur\u00edstico mencionado. De acuerdo con Luc\u00eda Ort\u00edz, vecina [&hellip;]<\/p>\n","protected":false},"author":1,"featured_media":12653,"comment_status":"open","ping_status":"open","sticky":false,"template":"","format":"standard","meta":{"_jetpack_memberships_contains_paid_content":false,"footnotes":""},"categories":[8],"tags":[],"class_list":["post-12652","post","type-post","status-publish","format-standard","has-post-thumbnail","hentry","category-region"],"jetpack_featured_media_url":"https:\/\/encuentroinformativo.com.mx\/wp-content\/uploads\/2021\/04\/DAA3282F-94ED-4D7A-907A-C8EE4EA1750F.jpeg","jetpack_sharing_enabled":true,"jetpack_likes_enabled":true,"amp_enabled":true,"_links":{"self":[{"href":"https:\/\/encuentroinformativo.com.mx\/index.php?rest_route=\/wp\/v2\/posts\/12652","targetHints":{"allow":["GET"]}}],"collection":[{"href":"https:\/\/encuentroinformativo.com.mx\/index.php?rest_route=\/wp\/v2\/posts"}],"about":[{"href":"https:\/\/encuentroinformativo.com.mx\/index.php?rest_route=\/wp\/v2\/types\/post"}],"author":[{"embeddable":true,"href":"https:\/\/encuentroinformativo.com.mx\/index.php?rest_route=\/wp\/v2\/users\/1"}],"replies":[{"embeddable":true,"href":"https:\/\/encuentroinformativo.com.mx\/index.php?rest_route=%2Fwp%2Fv2%2Fcomments&post=12652"}],"version-history":[{"count":1,"href":"https:\/\/encuentroinformativo.com.mx\/index.php?rest_route=\/wp\/v2\/posts\/12652\/revisions"}],"predecessor-version":[{"id":12654,"href":"https:\/\/encuentroinformativo.com.mx\/index.php?rest_route=\/wp\/v2\/posts\/12652\/revisions\/12654"}],"wp:featuredmedia":[{"embeddable":true,"href":"https:\/\/encuentroinformativo.com.mx\/index.php?rest_route=\/wp\/v2\/media\/12653"}],"wp:attachment":[{"href":"https:\/\/encuentroinformativo.com.mx\/index.php?rest_route=%2Fwp%2Fv2%2Fmedia&parent=12652"}],"wp:term":[{"taxonomy":"category","embeddable":true,"href":"https:\/\/encuentroinformativo.com.mx\/index.php?rest_route=%2Fwp%2Fv2%2Fcategories&post=12652"},{"taxonomy":"post_tag","embeddable":true,"href":"https:\/\/encuentroinformativo.com.mx\/index.php?rest_route=%2Fwp%2Fv2%2Ftags&post=12652"}],"curies":[{"name":"wp","href":"https:\/\/api.w.org\/{rel}","templated":true}]}}