{"id":12655,"date":"2021-04-05T17:52:41","date_gmt":"2021-04-05T22:52:41","guid":{"rendered":"https:\/\/encuentroinformativo.com.mx\/?p=12655"},"modified":"2021-04-05T17:52:45","modified_gmt":"2021-04-05T22:52:45","slug":"realizara-ine-entrevistas-para-aspirantes-a-consejera-del-ople","status":"publish","type":"post","link":"https:\/\/encuentroinformativo.com.mx\/?p=12655","title":{"rendered":"Realizar\u00e1 INE entrevistas para aspirantes a Consejera del OPLE"},"content":{"rendered":"\n<p>Xalapa, Ver.- El\u00a0delegado del\u00a0InstitutoNacional\u00a0Electoral\u00a0(INE)\u00a0en el\u00a0Estado de Veracruz, Josu\u00e9\u00a0Cervantes\u00a0Mart\u00ednez,\u00a0inform\u00f3 que el\u00a0pr\u00f3ximo\u00a0mi\u00e9rcoles\u00a07 de abril, Consejeras y Consejeros\u00a0Electorales del Consejo\u00a0General del INE entrevistar\u00e1n, de manera virtual,\u00a0a las\u00a0seis\u00a0aspirantes que\u00a0pasarona la etapa valoraci\u00f3n curricular y entrevista\u00a0dentro\u00a0del\u00a0proceso\u00a0de selecci\u00f3n y designaci\u00f3n al\u00a0cargo\u00a0de\u00a0una\u00a0Consejera\u00a0Electoral\u00a0del Organismo\u00a0P\u00fablico Local\u00a0Electoral\u00a0del Estado de Veracruz\u00a0(OPLE Veracruz).<\/p>\n\n\n\n<p>\u201cHoy&nbsp;por la ma\u00f1ana&nbsp;sesion\u00f3&nbsp;la&nbsp;Comisi\u00f3n de Vinculaci\u00f3n con los Organismos P\u00fablicos Locales del Instituto Nacional Electoral&nbsp;y&nbsp;aprob\u00f3&nbsp;el calendario de entrevistas y los grupos de Consejeras&nbsp;y Consejeros Electorales integrantes del Consejo General del&nbsp;INE&nbsp;que entrevistar\u00e1n a&nbsp;las&nbsp;aspirantes&nbsp;que acceden&nbsp;a&nbsp;esta etapa,&nbsp;cuyo prop\u00f3sito es&nbsp;identificar&nbsp;que&nbsp;el perfil de las&nbsp;aspirantes se apegue a los principios rectores de la funci\u00f3n electoral y cuenten&nbsp;con&nbsp;las competencias indispensables para determinar su idoneidad para el&nbsp;desempe\u00f1o del cargo\u201d.<\/p>\n\n\n\n<p>En&nbsp;esta&nbsp;sesi\u00f3n, agreg\u00f3&nbsp;Cervantes&nbsp;Mart\u00ednez,&nbsp;se llev\u00f3 a cabotambi\u00e9n&nbsp;un&nbsp;sorteo&nbsp;para saber&nbsp;qu\u00e9&nbsp;grupo&nbsp;de consejeras y consejeros&nbsp;del Consejo&nbsp;General del INE&nbsp;entrevistar\u00e1n&nbsp;a cada aspirante.<\/p>\n\n\n\n<p>En&nbsp;sesi\u00f3n&nbsp;extraordinaria,&nbsp;la Comisi\u00f3n de Vinculaci\u00f3n con los Organismos&nbsp;P\u00fablicos Locales&nbsp;aprob\u00f3&nbsp;la conformaci\u00f3n de tres grupos&nbsp;de trabajo&nbsp;para el desahogo de la etapa de valoraci\u00f3n curricular y entrevista. Los&nbsp;grupos quedaron&nbsp;integrados de la&nbsp;siguiente&nbsp;manera.<\/p>\n\n\n\n<p><strong>Grupo 1<\/strong><\/p>\n\n\n\n<p>Dr. Lorenzo C\u00f3rdova Vianello<\/p>\n\n\n\n<p>Mtra. Norma Irene de la&nbsp;Cruz&nbsp;Maga\u00f1a<\/p>\n\n\n\n<p>Dra. Adriana M. Favela Herrera<\/p>\n\n\n\n<p>Dr. Ciro Murayama Rend\u00f3n<\/p>\n\n\n\n<p><strong>Grupo 2<\/strong><\/p>\n\n\n\n<p>Dr. Uuc-Kib Espadas Ancona<\/p>\n\n\n\n<p>Mtra. Carla Astrid Humphrey Jord\u00e1n<\/p>\n\n\n\n<p>Mtra. Dania Paola Ravel Cuevas<\/p>\n\n\n\n<p>Mtro. Jaime Rivera Vel\u00e1zquez<\/p>\n\n\n\n<p><strong>Grupo 3<\/strong><\/p>\n\n\n\n<p>Mtro. Jos\u00e9 Mart\u00edn Fernando Faz Mora<\/p>\n\n\n\n<p>Dr. Jos\u00e9 Roberto&nbsp;Ruiz Salda\u00f1a<\/p>\n\n\n\n<p>Mtra. B. Claudia Zavala P\u00e9rez<\/p>\n\n\n\n<p>Cabe resaltar que,&nbsp;de acuerdo con la Convocatoria, el Consejo General&nbsp;del INE&nbsp;designar\u00e1, a m\u00e1s tardar el 16 de abril de 2021, a la Consejera&nbsp;Electoral que&nbsp;ocupar\u00e1 el cargo por&nbsp;siete a\u00f1os en el Organismo P\u00fablico&nbsp;Local&nbsp;Electoral del&nbsp;Estado de&nbsp;Veracruz.&nbsp;El&nbsp;calendario&nbsp;y los&nbsp;horarios&nbsp;de las&nbsp;entrevistas&nbsp;se pueden consultar&nbsp;en el portal&nbsp;<a href=\"http:\/\/www.ine.mx\/\">www.ine.mx<\/a>.<\/p>\n","protected":false},"excerpt":{"rendered":"<p>Xalapa, Ver.- El\u00a0delegado del\u00a0InstitutoNacional\u00a0Electoral\u00a0(INE)\u00a0en el\u00a0Estado de Veracruz, Josu\u00e9\u00a0Cervantes\u00a0Mart\u00ednez,\u00a0inform\u00f3 que el\u00a0pr\u00f3ximo\u00a0mi\u00e9rcoles\u00a07 de abril, Consejeras y Consejeros\u00a0Electorales del Consejo\u00a0General del INE entrevistar\u00e1n, de manera virtual,\u00a0a las\u00a0seis\u00a0aspirantes que\u00a0pasarona la etapa valoraci\u00f3n curricular y entrevista\u00a0dentro\u00a0del\u00a0proceso\u00a0de selecci\u00f3n y designaci\u00f3n al\u00a0cargo\u00a0de\u00a0una\u00a0Consejera\u00a0Electoral\u00a0del Organismo\u00a0P\u00fablico Local\u00a0Electoral\u00a0del Estado de Veracruz\u00a0(OPLE Veracruz). \u201cHoy&nbsp;por la ma\u00f1ana&nbsp;sesion\u00f3&nbsp;la&nbsp;Comisi\u00f3n de Vinculaci\u00f3n con los Organismos P\u00fablicos Locales del Instituto Nacional Electoral&nbsp;y&nbsp;aprob\u00f3&nbsp;el [&hellip;]<\/p>\n","protected":false},"author":1,"featured_media":12656,"comment_status":"open","ping_status":"open","sticky":false,"template":"","format":"standard","meta":{"_jetpack_memberships_contains_paid_content":false,"footnotes":""},"categories":[2],"tags":[],"class_list":["post-12655","post","type-post","status-publish","format-standard","has-post-thumbnail","hentry","category-estado"],"jetpack_featured_media_url":"https:\/\/encuentroinformativo.com.mx\/wp-content\/uploads\/2021\/04\/031FBB63-BB76-4F58-9BA4-CDD1288BCDA3.jpeg","jetpack_sharing_enabled":true,"jetpack_likes_enabled":true,"amp_enabled":true,"_links":{"self":[{"href":"https:\/\/encuentroinformativo.com.mx\/index.php?rest_route=\/wp\/v2\/posts\/12655","targetHints":{"allow":["GET"]}}],"collection":[{"href":"https:\/\/encuentroinformativo.com.mx\/index.php?rest_route=\/wp\/v2\/posts"}],"about":[{"href":"https:\/\/encuentroinformativo.com.mx\/index.php?rest_route=\/wp\/v2\/types\/post"}],"author":[{"embeddable":true,"href":"https:\/\/encuentroinformativo.com.mx\/index.php?rest_route=\/wp\/v2\/users\/1"}],"replies":[{"embeddable":true,"href":"https:\/\/encuentroinformativo.com.mx\/index.php?rest_route=%2Fwp%2Fv2%2Fcomments&post=12655"}],"version-history":[{"count":1,"href":"https:\/\/encuentroinformativo.com.mx\/index.php?rest_route=\/wp\/v2\/posts\/12655\/revisions"}],"predecessor-version":[{"id":12657,"href":"https:\/\/encuentroinformativo.com.mx\/index.php?rest_route=\/wp\/v2\/posts\/12655\/revisions\/12657"}],"wp:featuredmedia":[{"embeddable":true,"href":"https:\/\/encuentroinformativo.com.mx\/index.php?rest_route=\/wp\/v2\/media\/12656"}],"wp:attachment":[{"href":"https:\/\/encuentroinformativo.com.mx\/index.php?rest_route=%2Fwp%2Fv2%2Fmedia&parent=12655"}],"wp:term":[{"taxonomy":"category","embeddable":true,"href":"https:\/\/encuentroinformativo.com.mx\/index.php?rest_route=%2Fwp%2Fv2%2Fcategories&post=12655"},{"taxonomy":"post_tag","embeddable":true,"href":"https:\/\/encuentroinformativo.com.mx\/index.php?rest_route=%2Fwp%2Fv2%2Ftags&post=12655"}],"curies":[{"name":"wp","href":"https:\/\/api.w.org\/{rel}","templated":true}]}}