{"id":12658,"date":"2021-04-06T09:34:13","date_gmt":"2021-04-06T14:34:13","guid":{"rendered":"https:\/\/encuentroinformativo.com.mx\/?p=12658"},"modified":"2021-04-06T09:34:18","modified_gmt":"2021-04-06T14:34:18","slug":"vacu-nada","status":"publish","type":"post","link":"https:\/\/encuentroinformativo.com.mx\/?p=12658","title":{"rendered":"\u00a1Vacu-nada!"},"content":{"rendered":"\n<p><strong>Los Pol\u00edticos<\/strong><\/p>\n\n\n\n<p><strong>Salvador Mu\u00f1oz<\/strong><\/p>\n\n\n\n<p>Me cuenta mi hermana: \u201cYa pasaron a vacunar a mam\u00e1\u2026 Un chingo de gente\u2026 entre doctor y una enfermera que la checaron para ver c\u00f3mo est\u00e1 (aunque a estas alturas es para ver que \u201cest\u00e1\u201d), los que la van a vacunar, dos observadores y los que se quedan media hora para checar si no hay alguna reacci\u00f3n\u2026 afuera, los soldados. Mucho ajetreo\u201d, pero el objetivo principal se cumpli\u00f3: ya le pusieron su inyecci\u00f3n a do\u00f1a Irma. S\u00ed, tengo madre, chiquita, lo que puede conllevar a tener poquita madre, porque conforme pasan los d\u00edas, as\u00ed se va haciendo\u2026 aunque tambi\u00e9n, con cada d\u00eda que se acerca a los 92, pues se va haciendo mucha madre, o una gran madre\u2026 cuesti\u00f3n de perspectivas, de filias \u00a1y hasta de fobias! Ahora, a esperar la segunda inyecci\u00f3n.<\/p>\n\n\n\n<p>Le pregunto a mi hermana, de manera ociosa: \u201c\u00bfViste si realmente aplicaron la vacuna a mi mam\u00e1? \u00bfo nada m\u00e1s la picaron?\u201d<\/p>\n\n\n\n<p>Esto en alusi\u00f3n a videos que circulan de tres viejitos a los que s\u00f3lo les dieron su piquete sin inoculaci\u00f3n.<\/p>\n\n\n\n<p>Me responde: \u201cS\u00ed, me ense\u00f1aron la jeringa con lo que sacaron de la ampolleta que tra\u00edan; de hecho tra\u00edan dos termos con ampolletas\u2026 \u00a1qu\u00e9 pendeja! \u00a1a lo mejor s\u00f3lo le pusieron agua! \u00a1No se le hinch\u00f3! \u00a1No le duele! \u00a1No se le puso rojo como con las otras vacunas que le quedaba rojito donde le pinchaban!\u201d<\/p>\n\n\n\n<p>\u00a1Trankis! Le insist\u00ed que era una pregunta ociosa, de \u00e9sas que son nom\u00e1s para joder al vecino\u2026 y me mand\u00f3 a trabajar\u2026 Es evidente que a mi hermana le falta tambi\u00e9n su inyecci\u00f3n, adem\u00e1s de la anti-covid, de paciencia, aunque es comprensible: a ella le ha tocado chutarse gran parte si no es que toda, la etapa de ruquita de do\u00f1a Irma con todo y sus achaques que se incrementan conforme pasan los d\u00edas.<\/p>\n\n\n\n<p>Volviendo con los abuelitos de la vacu-nada (de que les pusieron nada), hay quienes abogan a un error, parte de nuestra esencia humana\u2026 y s\u00ed, es comprensible, pero quienes hayan visto los videos, podr\u00e1n percatarse que quienes est\u00e1n encargados de la vacunaci\u00f3n, al menos en los tres casos que circulan en las redes, est\u00e1n totalmente conscientes de que lo \u00fanico que les ponen a los viejitos, es un piquete, un pinchazo, pero no la vacuna, por lo mismo, queda descartado \u201cel error humano\u201d, y cae uno en el fingimiento, en la simulaci\u00f3n, en el fraude.<\/p>\n\n\n\n<p>Volvemos a lo mismo: tres videos, tres casos, evidenciados\u2026 \u00bfqui\u00e9n no nos dice que puede haber m\u00e1s?<\/p>\n\n\n\n<p>Aunque no lo sea, parece que esta jornada intensa de vacunaci\u00f3n es una intensa jornada de promoci\u00f3n.<\/p>\n\n\n\n<p>Quiz\u00e1s a muchos les caiga mal lo que voy a comentar, pero con todo el respeto que merece la tercera edad, considero que la estrategia de salud fue err\u00f3nea, \u00bfpor qu\u00e9? por este ejemplo:<\/p>\n\n\n\n<p>Mi mam\u00e1 lleva media dosis\u2026 pero a\u00fan as\u00ed, no me atrevo a visitarla. \u00bfPor qu\u00e9? Porque por mi trabajo, aun cuando se tomen las medidas sanitarias posibles, ser\u00eda ponerla en riesgo\u2026 y aqu\u00ed es que me pregunto: \u00bfpor qu\u00e9 no se inici\u00f3 la vacunaci\u00f3n con el sector productivo? \u00bfPor qu\u00e9 no vacunar a quien tiene que salir a la oficina, a su tienda, a su puesto, al negocio, al que entra en contacto directo con el cliente, con la gente? \u00bfA mi hermana que la cuida? \u00bfA ella que tiene que salir?<\/p>\n\n\n\n<p>Disculpen, a lo mejor parezco cruel, pr\u00e1ctico, insensible, pero s\u00f3lo entiendo el proceso&nbsp; inmediato de vacunaci\u00f3n a este sector, m\u00e1s que como un concepto rom\u00e1ntico-electorero. Si bien, no todos los abuelitos, la tercera edad, piensan as\u00ed, un alto porcentaje del voto cautivo de Morena est\u00e1 all\u00ed\u2026 y claro, cu\u00e1l es la reacci\u00f3n de los hijos cuando los abuelitos han sido inoculados (de a devis, no s\u00f3lo con un piquete): de agradecimiento al Creador (no al de las vacunas, sino a Dios) porque el cabecita blanca o la autora de sus d\u00edas ya est\u00e1n protegidos contra el mal de este siglo\u2026 no, ni quiero decir que ya haya vacuna contra la 4T\u2026 hablo del Covid\u2026<\/p>\n\n\n\n<p>En fin\u2026 en lo particular, celebro por partida doble que mi madre est\u00e9 vacunada\u2026 y que no nada m\u00e1s le hayan metido un pinche piquete sin nada\u2026 \u00a1una vacu-nada! Sigo considerando electorero el asunto de las vacunas y como un error de salud y econ\u00f3mico, la estrategia.<\/p>\n\n\n\n<p><a>smcainito@gmail.com<\/a><\/p>\n","protected":false},"excerpt":{"rendered":"<p>Los Pol\u00edticos Salvador Mu\u00f1oz Me cuenta mi hermana: \u201cYa pasaron a vacunar a mam\u00e1\u2026 Un chingo de gente\u2026 entre doctor y una enfermera que la checaron para ver c\u00f3mo est\u00e1 (aunque a estas alturas es para ver que \u201cest\u00e1\u201d), los que la van a vacunar, dos observadores y los que se quedan media hora para [&hellip;]<\/p>\n","protected":false},"author":1,"featured_media":70,"comment_status":"open","ping_status":"open","sticky":false,"template":"","format":"standard","meta":{"_jetpack_memberships_contains_paid_content":false,"footnotes":""},"categories":[11],"tags":[],"class_list":["post-12658","post","type-post","status-publish","format-standard","has-post-thumbnail","hentry","category-opinion"],"jetpack_featured_media_url":"https:\/\/encuentroinformativo.com.mx\/wp-content\/uploads\/2020\/02\/opinion-invitado.jpg","jetpack_sharing_enabled":true,"jetpack_likes_enabled":true,"amp_enabled":true,"_links":{"self":[{"href":"https:\/\/encuentroinformativo.com.mx\/index.php?rest_route=\/wp\/v2\/posts\/12658","targetHints":{"allow":["GET"]}}],"collection":[{"href":"https:\/\/encuentroinformativo.com.mx\/index.php?rest_route=\/wp\/v2\/posts"}],"about":[{"href":"https:\/\/encuentroinformativo.com.mx\/index.php?rest_route=\/wp\/v2\/types\/post"}],"author":[{"embeddable":true,"href":"https:\/\/encuentroinformativo.com.mx\/index.php?rest_route=\/wp\/v2\/users\/1"}],"replies":[{"embeddable":true,"href":"https:\/\/encuentroinformativo.com.mx\/index.php?rest_route=%2Fwp%2Fv2%2Fcomments&post=12658"}],"version-history":[{"count":1,"href":"https:\/\/encuentroinformativo.com.mx\/index.php?rest_route=\/wp\/v2\/posts\/12658\/revisions"}],"predecessor-version":[{"id":12659,"href":"https:\/\/encuentroinformativo.com.mx\/index.php?rest_route=\/wp\/v2\/posts\/12658\/revisions\/12659"}],"wp:featuredmedia":[{"embeddable":true,"href":"https:\/\/encuentroinformativo.com.mx\/index.php?rest_route=\/wp\/v2\/media\/70"}],"wp:attachment":[{"href":"https:\/\/encuentroinformativo.com.mx\/index.php?rest_route=%2Fwp%2Fv2%2Fmedia&parent=12658"}],"wp:term":[{"taxonomy":"category","embeddable":true,"href":"https:\/\/encuentroinformativo.com.mx\/index.php?rest_route=%2Fwp%2Fv2%2Fcategories&post=12658"},{"taxonomy":"post_tag","embeddable":true,"href":"https:\/\/encuentroinformativo.com.mx\/index.php?rest_route=%2Fwp%2Fv2%2Ftags&post=12658"}],"curies":[{"name":"wp","href":"https:\/\/api.w.org\/{rel}","templated":true}]}}