{"id":12660,"date":"2021-04-06T11:49:45","date_gmt":"2021-04-06T16:49:45","guid":{"rendered":"https:\/\/encuentroinformativo.com.mx\/?p=12660"},"modified":"2021-04-06T11:49:49","modified_gmt":"2021-04-06T16:49:49","slug":"organizan-ambientalistas-protestas-contra-mineria-toxica","status":"publish","type":"post","link":"https:\/\/encuentroinformativo.com.mx\/?p=12660","title":{"rendered":"Organizan ambientalistas protestas contra miner\u00eda t\u00f3xica"},"content":{"rendered":"\n<p><strong>Juan Arcos <\/strong><\/p>\n\n\n\n<p>Xalapa, Ver.- Grupos ambientalistas reanudar\u00e1n sus protestas masivas contra la miner\u00eda a cielo abierto, para exigir al gobierno estatal que Veracruz sea declarado un estado libre de dicha actividad \u201ct\u00f3xica\u201d.<\/p>\n\n\n\n<p>De acuerdo con el integrante de La Asamblea Veracruzana de Iniciativas y Defensa Ambiental (Lavida), Guillermo Rodr\u00edguez Curiel, el pr\u00f3ximo 24 de abril llevar\u00e1n a cabo una concentraci\u00f3n en el municipio de Naolinco, a partir de las cuatro de la tarde.<\/p>\n\n\n\n<p>\u201cEstamos convocando a un evento p\u00fablico el 24 de abril en Naolinco, de cuatro a seis de la tarde, con sana distancia y todos con cubrebocas\u201d, expres\u00f3.\u00a0<\/p>\n\n\n\n<p>El activista record\u00f3 que dichas acciones fueron organizadas por grupos que defienden la vida en el marco del D\u00eda Mundial de la Tierra, que se celebra cada 22 de abril.&nbsp;<\/p>\n\n\n\n<p>&#8220;Decidimos ir a Naolinco, porque en octubre del a\u00f1o pasado, el gobernador Cuitl\u00e1huac Garc\u00eda Jim\u00e9nez nos prometi\u00f3 que va a decretar a Veracruz libre de miner\u00eda t\u00f3xica. Seguimos confiando esperando que lo haga en el marco del D\u00eda Mundial de la Tierra\u201d, expres\u00f3.<\/p>\n\n\n\n<p>La protesta se realizar\u00e1 en un espacio abierto, donde ser\u00e1n respetadas las medidas sanitarias para evitar la propagaci\u00f3n del SARS-COV-2 (COVID-19).<\/p>\n\n\n\n<p>Record\u00f3 que Plaza Sebasti\u00e1n Lerdo de Tejada hab\u00eda sido ocupada por integrantes del Movimiento de los 400 Pueblos, quienes llevaban a cabo un plant\u00f3n indefinido y, aunque estos manifestantes se retiraron, los ambientalistas prefirieron programar su evento en un lugar menos transitado.<\/p>\n\n\n\n<p>\u201cDijimos que era muy irresponsable venir a manifestarnos aqu\u00ed (Plaza Lerdo) porque este virus es m\u00e1s urbano que rural, no ten\u00eda ning\u00fan caso venirse a exponer\u201d.<\/p>\n\n\n\n<p>La concentraci\u00f3n ser\u00e1 en la explanada de la iglesia de San Mateo Ap\u00f3stol, donde el padre Andr\u00e9s Hern\u00e1ndez ser\u00e1 el anfitri\u00f3n.<\/p>\n\n\n\n<p>\u201cSer\u00e1 un evento en el cual solo hay una exigencia: no a la miner\u00eda t\u00f3xica en Veracruz. Las mineras siguen trabajando\u201d, enfatiz\u00f3 Rodr\u00edguez Curiel.<\/p>\n","protected":false},"excerpt":{"rendered":"<p>Juan Arcos Xalapa, Ver.- Grupos ambientalistas reanudar\u00e1n sus protestas masivas contra la miner\u00eda a cielo abierto, para exigir al gobierno estatal que Veracruz sea declarado un estado libre de dicha actividad \u201ct\u00f3xica\u201d. De acuerdo con el integrante de La Asamblea Veracruzana de Iniciativas y Defensa Ambiental (Lavida), Guillermo Rodr\u00edguez Curiel, el pr\u00f3ximo 24 de abril [&hellip;]<\/p>\n","protected":false},"author":1,"featured_media":12661,"comment_status":"open","ping_status":"open","sticky":false,"template":"","format":"standard","meta":{"_jetpack_memberships_contains_paid_content":false,"footnotes":""},"categories":[8],"tags":[],"class_list":["post-12660","post","type-post","status-publish","format-standard","has-post-thumbnail","hentry","category-region"],"jetpack_featured_media_url":"https:\/\/encuentroinformativo.com.mx\/wp-content\/uploads\/2021\/04\/49D36BDD-5D2B-4FA7-B33E-37C57DFD2038.jpeg","jetpack_sharing_enabled":true,"jetpack_likes_enabled":true,"amp_enabled":true,"_links":{"self":[{"href":"https:\/\/encuentroinformativo.com.mx\/index.php?rest_route=\/wp\/v2\/posts\/12660","targetHints":{"allow":["GET"]}}],"collection":[{"href":"https:\/\/encuentroinformativo.com.mx\/index.php?rest_route=\/wp\/v2\/posts"}],"about":[{"href":"https:\/\/encuentroinformativo.com.mx\/index.php?rest_route=\/wp\/v2\/types\/post"}],"author":[{"embeddable":true,"href":"https:\/\/encuentroinformativo.com.mx\/index.php?rest_route=\/wp\/v2\/users\/1"}],"replies":[{"embeddable":true,"href":"https:\/\/encuentroinformativo.com.mx\/index.php?rest_route=%2Fwp%2Fv2%2Fcomments&post=12660"}],"version-history":[{"count":1,"href":"https:\/\/encuentroinformativo.com.mx\/index.php?rest_route=\/wp\/v2\/posts\/12660\/revisions"}],"predecessor-version":[{"id":12662,"href":"https:\/\/encuentroinformativo.com.mx\/index.php?rest_route=\/wp\/v2\/posts\/12660\/revisions\/12662"}],"wp:featuredmedia":[{"embeddable":true,"href":"https:\/\/encuentroinformativo.com.mx\/index.php?rest_route=\/wp\/v2\/media\/12661"}],"wp:attachment":[{"href":"https:\/\/encuentroinformativo.com.mx\/index.php?rest_route=%2Fwp%2Fv2%2Fmedia&parent=12660"}],"wp:term":[{"taxonomy":"category","embeddable":true,"href":"https:\/\/encuentroinformativo.com.mx\/index.php?rest_route=%2Fwp%2Fv2%2Fcategories&post=12660"},{"taxonomy":"post_tag","embeddable":true,"href":"https:\/\/encuentroinformativo.com.mx\/index.php?rest_route=%2Fwp%2Fv2%2Ftags&post=12660"}],"curies":[{"name":"wp","href":"https:\/\/api.w.org\/{rel}","templated":true}]}}