{"id":12663,"date":"2021-04-06T13:00:13","date_gmt":"2021-04-06T18:00:13","guid":{"rendered":"https:\/\/encuentroinformativo.com.mx\/?p=12663"},"modified":"2021-04-06T13:00:17","modified_gmt":"2021-04-06T18:00:17","slug":"pandemia-afecto-a-personas-con-discapacidad","status":"publish","type":"post","link":"https:\/\/encuentroinformativo.com.mx\/?p=12663","title":{"rendered":"Pandemia afect\u00f3 a personas con discapacidad"},"content":{"rendered":"\n<p><strong>Dar\u00edo Pale <\/strong><\/p>\n\n\n\n<p>Xalapa, Ver.- Las personas con discapacidad tanto deportistas como personas que desempe\u00f1an un trabajo diferente fueron los m\u00e1s afectados en esta pandemia ya que muchos de ellos fueron abandonados y despedidos incluso muchos tienen que pedir limosna para que puedan sobrevivir, adem\u00e1s de que no tienen un transporte digno.<\/p>\n\n\n\n<p>En conferencia de prensa realizada en conocido caf\u00e9 del centro de Xalapa, Mar\u00eda Estela Salas Mar\u00edn candidata a diputada federal por el distrito X por el partido Fuerza por M\u00e9xico hizo un llamado a las personas con alguna discapacidad o capacidades diferentes les dice que no est\u00e1n solos ya que luchar\u00e1 para que cuenten con lo necesario y para que los sue\u00f1os de las nuevas generaciones no se queden en el camino.<\/p>\n\n\n\n<p>Saben que est\u00e1n cansados de que les hacen muchas promesas pero ella se comprometi\u00f3 a no defraudarlos ya que se ha dado cuenta de todo lo que est\u00e1n padeciendo en la actualidad y en esta campa\u00f1a tendr\u00e1n todos los cuidados ya que no realizar\u00e1n evento masivos y tendr\u00e1n mucho contacto por medio de redes sociales ya que se tienen que cuidar.<\/p>\n\n\n\n<p>Dio a conocer que buscar\u00e1n todas las alternativas con diferentes empresas para que las personas con discapacidad tengan un medio de transporte y que sea de forma gratuita, ya que actualmente no les han hecho &#8220;justicia&#8221;, por lo cual trabajar\u00e1n en ello ya que como ejemplo esta Xalapa donde las calles son muy peque\u00f1as y son muchas subidas y bajadas, lo cual tiene que cambiar ya que las personas con discapacidad merecen respeto.<\/p>\n\n\n\n<p>Lament\u00f3 que actualmente muchas personas con discapacidad no cuentan con un espacio deportivo digno, y en la capital del estado hay un n\u00famero importante de personas, adem\u00e1s de que es muy triste que vean a compa\u00f1eros que son atletas que est\u00e1n pidiendo limosna lo cual no debe de ser cuando fueron grandes deportistas euro han sido olvidados, por lo que buscar\u00e1 que se puedan crear empleos dignos para ellos.<\/p>\n\n\n\n<p>Finalmente se\u00f1al\u00f3 que &#8220;estamos en cero los deportistas por eso es la lucha, es por eso que estamos peleando por esos derechos y que no sean olvidado porque han puesto el nombre del estado y del pa\u00eds en lo m\u00e1s alto y son olvidados hay muchos ex atletas que ya no est\u00e1n y que est\u00e1n en p\u00e9simas condiciones los que estamos en este rubro&#8221;.<\/p>\n","protected":false},"excerpt":{"rendered":"<p>Dar\u00edo Pale Xalapa, Ver.- Las personas con discapacidad tanto deportistas como personas que desempe\u00f1an un trabajo diferente fueron los m\u00e1s afectados en esta pandemia ya que muchos de ellos fueron abandonados y despedidos incluso muchos tienen que pedir limosna para que puedan sobrevivir, adem\u00e1s de que no tienen un transporte digno. En conferencia de prensa [&hellip;]<\/p>\n","protected":false},"author":1,"featured_media":12664,"comment_status":"open","ping_status":"open","sticky":false,"template":"","format":"standard","meta":{"_jetpack_memberships_contains_paid_content":false,"footnotes":""},"categories":[2],"tags":[],"class_list":["post-12663","post","type-post","status-publish","format-standard","has-post-thumbnail","hentry","category-estado"],"jetpack_featured_media_url":"https:\/\/encuentroinformativo.com.mx\/wp-content\/uploads\/2021\/04\/EC98CA0A-F7DE-4B9B-9FB4-9504DBCE32AD.jpeg","jetpack_sharing_enabled":true,"jetpack_likes_enabled":true,"amp_enabled":true,"_links":{"self":[{"href":"https:\/\/encuentroinformativo.com.mx\/index.php?rest_route=\/wp\/v2\/posts\/12663","targetHints":{"allow":["GET"]}}],"collection":[{"href":"https:\/\/encuentroinformativo.com.mx\/index.php?rest_route=\/wp\/v2\/posts"}],"about":[{"href":"https:\/\/encuentroinformativo.com.mx\/index.php?rest_route=\/wp\/v2\/types\/post"}],"author":[{"embeddable":true,"href":"https:\/\/encuentroinformativo.com.mx\/index.php?rest_route=\/wp\/v2\/users\/1"}],"replies":[{"embeddable":true,"href":"https:\/\/encuentroinformativo.com.mx\/index.php?rest_route=%2Fwp%2Fv2%2Fcomments&post=12663"}],"version-history":[{"count":1,"href":"https:\/\/encuentroinformativo.com.mx\/index.php?rest_route=\/wp\/v2\/posts\/12663\/revisions"}],"predecessor-version":[{"id":12665,"href":"https:\/\/encuentroinformativo.com.mx\/index.php?rest_route=\/wp\/v2\/posts\/12663\/revisions\/12665"}],"wp:featuredmedia":[{"embeddable":true,"href":"https:\/\/encuentroinformativo.com.mx\/index.php?rest_route=\/wp\/v2\/media\/12664"}],"wp:attachment":[{"href":"https:\/\/encuentroinformativo.com.mx\/index.php?rest_route=%2Fwp%2Fv2%2Fmedia&parent=12663"}],"wp:term":[{"taxonomy":"category","embeddable":true,"href":"https:\/\/encuentroinformativo.com.mx\/index.php?rest_route=%2Fwp%2Fv2%2Fcategories&post=12663"},{"taxonomy":"post_tag","embeddable":true,"href":"https:\/\/encuentroinformativo.com.mx\/index.php?rest_route=%2Fwp%2Fv2%2Ftags&post=12663"}],"curies":[{"name":"wp","href":"https:\/\/api.w.org\/{rel}","templated":true}]}}