{"id":12666,"date":"2021-04-06T13:30:29","date_gmt":"2021-04-06T18:30:29","guid":{"rendered":"https:\/\/encuentroinformativo.com.mx\/?p=12666"},"modified":"2021-04-06T13:30:33","modified_gmt":"2021-04-06T18:30:33","slug":"en-aguas-negras-la-cabecera-municipal-de-alvarado","status":"publish","type":"post","link":"https:\/\/encuentroinformativo.com.mx\/?p=12666","title":{"rendered":"En aguas negras la cabecera municipal de Alvarado"},"content":{"rendered":"\n<p><strong>Alejandro \u00c1vila<\/strong><\/p>\n\n\n\n<p>Alvarado, Ver.- Vecinos de la cabecera municipal de Alvarado denuncia que desde hace meses, debido a obras inconclusas de la Comisi\u00f3n de Agua del Estado de Veracruz (CAEV), calles y callejones sufren de aguas negras, lo que es un foco de infecci\u00f3n que afecta a decenas de familias.<\/p>\n\n\n\n<p>El usuario de Facebook, C\u00e1ndido Ochoa, conparti\u00f3 un video donde se ve el callej\u00f3n Reforma sin la tapa del drenaje y donde brotan aguas negras, los vecinos deben encerrarse en sus casas, debido a que no soportan los olores fetidos que de ah\u00ed emanan.<\/p>\n\n\n\n<p>&#8220;No es posible que desde hace diez d\u00edas estemos aqu\u00ed con este foco de infecci\u00f3n, grandisimo, en la mera zona centro de Alvarado, miren que cosa es esto, salen hasta los mojones aqu\u00ed, la gente tiene que estar encerrada en sus casas porque no se tolera el peste&#8221;, denuncia en video.<\/p>\n\n\n\n<p>Seg\u00fan los ciudadanos, se\u00f1alan que las tapas de los drenajes se vuelan, porque los pozos de visitas se rebosan de aguas negras, las tuber\u00eda est\u00e1n colapsadas, tal como sucede en la calle Llave entre Nezahualcoyotl y Aldama, la cual tiene 4 meses botada la obra por CAEV.<\/p>\n\n\n\n<p>La colonia La Fuentes y otras cercanas tambi\u00e9n son afectadas; adem\u00e1s, desde hace m\u00e1s de 4 meses hay otra obra a la altura del comercio Italian Coffe en el bulevar &#8220;Gabriel Carballo&#8221;, donde erosion\u00f3 el pavimento debido a que las tuber\u00edas no soportaron el cauce de aguas negras y ocasionaron cuarteaduras al cemento, dejando un brote de aguas negras.<\/p>\n\n\n\n<p>Desde hace meses la CAEV se dispuso a trabajar en el lugar sin poder concretar la obra; incluso, hace unas semanas, el Ayuntamiento de Alvarado firm\u00f3 un convenio con la dependencia estatal para solucionar todo este tipo de problemas en el municipio, y las respuestas a la ciudadan\u00eda no han sido las adecuadas.<\/p>\n","protected":false},"excerpt":{"rendered":"<p>Alejandro \u00c1vila Alvarado, Ver.- Vecinos de la cabecera municipal de Alvarado denuncia que desde hace meses, debido a obras inconclusas de la Comisi\u00f3n de Agua del Estado de Veracruz (CAEV), calles y callejones sufren de aguas negras, lo que es un foco de infecci\u00f3n que afecta a decenas de familias. El usuario de Facebook, C\u00e1ndido [&hellip;]<\/p>\n","protected":false},"author":1,"featured_media":12667,"comment_status":"open","ping_status":"open","sticky":false,"template":"","format":"standard","meta":{"_jetpack_memberships_contains_paid_content":false,"footnotes":""},"categories":[2],"tags":[],"class_list":["post-12666","post","type-post","status-publish","format-standard","has-post-thumbnail","hentry","category-estado"],"jetpack_featured_media_url":"https:\/\/encuentroinformativo.com.mx\/wp-content\/uploads\/2021\/04\/FCEA81A9-AC09-4E85-A98A-C82C4D8871F5.jpeg","jetpack_sharing_enabled":true,"jetpack_likes_enabled":true,"amp_enabled":true,"_links":{"self":[{"href":"https:\/\/encuentroinformativo.com.mx\/index.php?rest_route=\/wp\/v2\/posts\/12666","targetHints":{"allow":["GET"]}}],"collection":[{"href":"https:\/\/encuentroinformativo.com.mx\/index.php?rest_route=\/wp\/v2\/posts"}],"about":[{"href":"https:\/\/encuentroinformativo.com.mx\/index.php?rest_route=\/wp\/v2\/types\/post"}],"author":[{"embeddable":true,"href":"https:\/\/encuentroinformativo.com.mx\/index.php?rest_route=\/wp\/v2\/users\/1"}],"replies":[{"embeddable":true,"href":"https:\/\/encuentroinformativo.com.mx\/index.php?rest_route=%2Fwp%2Fv2%2Fcomments&post=12666"}],"version-history":[{"count":1,"href":"https:\/\/encuentroinformativo.com.mx\/index.php?rest_route=\/wp\/v2\/posts\/12666\/revisions"}],"predecessor-version":[{"id":12668,"href":"https:\/\/encuentroinformativo.com.mx\/index.php?rest_route=\/wp\/v2\/posts\/12666\/revisions\/12668"}],"wp:featuredmedia":[{"embeddable":true,"href":"https:\/\/encuentroinformativo.com.mx\/index.php?rest_route=\/wp\/v2\/media\/12667"}],"wp:attachment":[{"href":"https:\/\/encuentroinformativo.com.mx\/index.php?rest_route=%2Fwp%2Fv2%2Fmedia&parent=12666"}],"wp:term":[{"taxonomy":"category","embeddable":true,"href":"https:\/\/encuentroinformativo.com.mx\/index.php?rest_route=%2Fwp%2Fv2%2Fcategories&post=12666"},{"taxonomy":"post_tag","embeddable":true,"href":"https:\/\/encuentroinformativo.com.mx\/index.php?rest_route=%2Fwp%2Fv2%2Ftags&post=12666"}],"curies":[{"name":"wp","href":"https:\/\/api.w.org\/{rel}","templated":true}]}}