{"id":12676,"date":"2021-04-06T15:23:29","date_gmt":"2021-04-06T20:23:29","guid":{"rendered":"https:\/\/encuentroinformativo.com.mx\/?p=12676"},"modified":"2021-04-06T15:23:35","modified_gmt":"2021-04-06T20:23:35","slug":"con-protesta-maestra-demanda-justicia-por-muerte-de-su-madre","status":"publish","type":"post","link":"https:\/\/encuentroinformativo.com.mx\/?p=12676","title":{"rendered":"Con protesta, maestra demanda justicia por muerte de su madre"},"content":{"rendered":"\n<p><strong>Juan Arcos <\/strong><\/p>\n\n\n\n<p>Xalapa, Ver.- La maestra Obdulia del Rosario G\u00f3mez Pech protest\u00f3 frente a Palacio de Gobierno para exigir justicia por el caso de su madre, quien falleci\u00f3 el 6 de abril del a\u00f1o pasado, luego de haber sido privada de su libertad.<\/p>\n\n\n\n<p>Entre gritos y llanto, demand\u00f3 una audiencia con autoridades estatales para que proceda la denuncia que fue presentada en septiembre de 2019 en la Fiscal\u00eda Especializada en Investigaci\u00f3n de Delitos de Violencia Contra La Familia, Mujeres, Ni\u00f1as y Ni\u00f1os y de Trata de Personas.<\/p>\n\n\n\n<p>Record\u00f3 que fue integrada la carpeta de investigaci\u00f3n n\u00famero 2080\/19 donde se se\u00f1ala a Silas \u201cN\u201d y Lorena \u201cN\u201d, de haber maltratado a la adulta mayor.\u00a0<\/p>\n\n\n\n<p>Mencion\u00f3 que su mam\u00e1 tambi\u00e9n fue docente y ten\u00eda principios de Alzheimer, por lo que con frecuencia olvidaba sus llaves y, en una cerrajer\u00eda, conoci\u00f3 a esas personas que abusaron de ella.&nbsp;<\/p>\n\n\n\n<p>\u201cSobre la avenida Xalapa hay una cerrajer\u00eda, el due\u00f1o se llama Silas y su esposa se llama Lorena, ingresaron en la vida de mi mam\u00e1 y empezaron a hablar de Dios, le quitaron su tarjeta y cobraban su sueldo, cuando yo la iba a ver siempre me corr\u00edan, yo no sab\u00eda por qu\u00e9, le prohibieron hablar conmigo\u201d.<\/p>\n\n\n\n<p>Obdulia del Rosario se\u00f1al\u00f3 que su madre fue obligada a declarar en contra de sus familiares en el Sistema para el Desarrollo Integral de la Familia del Estado de Veracruz.<\/p>\n\n\n\n<p>\u201cTen\u00eda que decir que todos sus bienes se pon\u00edan a nombre de esas dos personas, no es en \u00fanico caso de ancianos enga\u00f1ados\u201d.\u00a0<br>Tambi\u00e9n acus\u00f3 que esas personas privaron de la libertad a su madre durante tres a\u00f1os, hasta que falleci\u00f3, presuntamente por SARS-COV-2 (COVID-19).<\/p>\n\n\n\n<p>\u201cPero no fue por COVID, fue por toda la presi\u00f3n que vivi\u00f3 por parte de esas personas que la golpeaban, la amarraban y la obligaban a pedir limosna en la calle\u201d, enfatiz\u00f3.<\/p>\n","protected":false},"excerpt":{"rendered":"<p>Juan Arcos Xalapa, Ver.- La maestra Obdulia del Rosario G\u00f3mez Pech protest\u00f3 frente a Palacio de Gobierno para exigir justicia por el caso de su madre, quien falleci\u00f3 el 6 de abril del a\u00f1o pasado, luego de haber sido privada de su libertad. Entre gritos y llanto, demand\u00f3 una audiencia con autoridades estatales para que [&hellip;]<\/p>\n","protected":false},"author":1,"featured_media":12677,"comment_status":"open","ping_status":"open","sticky":false,"template":"","format":"standard","meta":{"_jetpack_memberships_contains_paid_content":false,"footnotes":""},"categories":[3],"tags":[],"class_list":["post-12676","post","type-post","status-publish","format-standard","has-post-thumbnail","hentry","category-xalapa"],"jetpack_featured_media_url":"https:\/\/encuentroinformativo.com.mx\/wp-content\/uploads\/2021\/04\/AF6211FC-D034-4C7F-89DF-6B3364868544.jpeg","jetpack_sharing_enabled":true,"jetpack_likes_enabled":true,"amp_enabled":true,"_links":{"self":[{"href":"https:\/\/encuentroinformativo.com.mx\/index.php?rest_route=\/wp\/v2\/posts\/12676","targetHints":{"allow":["GET"]}}],"collection":[{"href":"https:\/\/encuentroinformativo.com.mx\/index.php?rest_route=\/wp\/v2\/posts"}],"about":[{"href":"https:\/\/encuentroinformativo.com.mx\/index.php?rest_route=\/wp\/v2\/types\/post"}],"author":[{"embeddable":true,"href":"https:\/\/encuentroinformativo.com.mx\/index.php?rest_route=\/wp\/v2\/users\/1"}],"replies":[{"embeddable":true,"href":"https:\/\/encuentroinformativo.com.mx\/index.php?rest_route=%2Fwp%2Fv2%2Fcomments&post=12676"}],"version-history":[{"count":1,"href":"https:\/\/encuentroinformativo.com.mx\/index.php?rest_route=\/wp\/v2\/posts\/12676\/revisions"}],"predecessor-version":[{"id":12678,"href":"https:\/\/encuentroinformativo.com.mx\/index.php?rest_route=\/wp\/v2\/posts\/12676\/revisions\/12678"}],"wp:featuredmedia":[{"embeddable":true,"href":"https:\/\/encuentroinformativo.com.mx\/index.php?rest_route=\/wp\/v2\/media\/12677"}],"wp:attachment":[{"href":"https:\/\/encuentroinformativo.com.mx\/index.php?rest_route=%2Fwp%2Fv2%2Fmedia&parent=12676"}],"wp:term":[{"taxonomy":"category","embeddable":true,"href":"https:\/\/encuentroinformativo.com.mx\/index.php?rest_route=%2Fwp%2Fv2%2Fcategories&post=12676"},{"taxonomy":"post_tag","embeddable":true,"href":"https:\/\/encuentroinformativo.com.mx\/index.php?rest_route=%2Fwp%2Fv2%2Ftags&post=12676"}],"curies":[{"name":"wp","href":"https:\/\/api.w.org\/{rel}","templated":true}]}}