{"id":12682,"date":"2021-04-06T15:33:06","date_gmt":"2021-04-06T20:33:06","guid":{"rendered":"https:\/\/encuentroinformativo.com.mx\/?p=12682"},"modified":"2021-04-06T15:33:10","modified_gmt":"2021-04-06T20:33:10","slug":"por-acoso-laboral-piden-destitucion-de-directora-de-hospital-de-alta-especialidad","status":"publish","type":"post","link":"https:\/\/encuentroinformativo.com.mx\/?p=12682","title":{"rendered":"Por acoso laboral, piden destituci\u00f3n de directora de Hospital de Alta Especialidad"},"content":{"rendered":"\n<p><strong>Alejandro \u00c1vila<\/strong><\/p>\n\n\n\n<p>Veracruz, Ver.- La ma\u00f1ana de este martes, personal del \u00e1rea privada del Hospital de Alta Especialidad de Veracruz (HAEV) se manifest\u00f3 a las afueras del recinto, solicitando la renuncia de la administradora, Claudia Isabel Aguilar Arauz, por presunto acoso laboral y nepotismo.<\/p>\n\n\n\n<p>Una de los problemas m\u00e1s graves, se\u00f1alan, es que no cumple con el perfil para desempe\u00f1ar el puesto, pues su \u00faltimo grado de estudios es bachillerato y el \u00e1rea requiere conocimiento total de administraci\u00f3n m\u00e9dica.<\/p>\n\n\n\n<p>En ese sentido, Elizabeth Melquiades, l\u00edder sindical de la secci\u00f3n 40 del Sindicato Nacional de Salud, expuso que existe desde hace meses el acoso laboral en contra de los empleados del sector Salud, a quienes reprime por temas irrelevantes como, ir al ba\u00f1o o caminar al cajero autom\u00e1tico que se encuentra dentro del mismo hospital.<\/p>\n\n\n\n<p>&#8220;Ya no queremos que est\u00e1 se\u00f1ora est\u00e9 al frente como administradora, si ustedes puede ver, aqu\u00ed est\u00e1 su documentaci\u00f3n y solo tiene bachillerato, no puede ser que un persona que no re\u00fana el perfil administre el Hospital, lo otro es el acoso a los trabajadores&#8221;, apuntaron en entrevista.<\/p>\n\n\n\n<p>Otra situaci\u00f3n que consideran grave, es que la admnistradora ha despedido a personal capacitado, para de esta manera contratar amigos y familiares, los cuales, evidentemente no tienen el perfil o no cumplen con la labor correcta.<\/p>\n\n\n\n<p>Por si fuera poco, acusan que asign\u00f3 a su pareja sentimental como encargado de autorizar las compras de insumos para el Hospital, lo que es un claro nepotismo.<\/p>\n\n\n\n<p>&#8220;No es posible que tengamos una situaci\u00f3n as\u00ed, meti\u00f3 a toda su familia a trabajar y quit\u00f3 contratos a empleados que tienen familia y lo necesitan, hasta a su pareja lo tiene en una \u00e1rea donde decide las compras que se realizan&#8221;, subrayaron.<\/p>\n\n\n\n<p>Si bien la denuncia ya fue hecha ante las autoridades pertinentes, Secretar\u00eda de Salud y la Secretar\u00eda de Gobierno, ella asegura que tiene un \u201cpadrino\u201d que no permitir\u00e1 que sea destituida del cargo.<\/p>\n\n\n\n<p>&#8220;Ella se ostenta en que su padrino Eleazar Guerrero no la va quitar nunca, pero si \u00e9l no lo va quitar la vamos a quitar nosotros (\u2026), sabemos que Eleazar Guerrero no va permitir que sigan usando su nombre as\u00ed y que el gobernador tampoco quiere a ese tipo de personas en su gobierno&#8221;, asestaron.<\/p>\n\n\n\n<figure class=\"wp-block-image size-large\"><img loading=\"lazy\" decoding=\"async\" width=\"1024\" height=\"576\" src=\"https:\/\/encuentroinformativo.com.mx\/wp-content\/uploads\/2021\/04\/9780ED28-57C9-4C06-8081-1A8C11F04454-1024x576.jpeg\" alt=\"\" class=\"wp-image-12684\" srcset=\"https:\/\/encuentroinformativo.com.mx\/wp-content\/uploads\/2021\/04\/9780ED28-57C9-4C06-8081-1A8C11F04454-1024x576.jpeg 1024w, https:\/\/encuentroinformativo.com.mx\/wp-content\/uploads\/2021\/04\/9780ED28-57C9-4C06-8081-1A8C11F04454-300x169.jpeg 300w, https:\/\/encuentroinformativo.com.mx\/wp-content\/uploads\/2021\/04\/9780ED28-57C9-4C06-8081-1A8C11F04454-768x432.jpeg 768w, https:\/\/encuentroinformativo.com.mx\/wp-content\/uploads\/2021\/04\/9780ED28-57C9-4C06-8081-1A8C11F04454.jpeg 1280w\" sizes=\"auto, (max-width: 1024px) 100vw, 1024px\" \/><\/figure>\n","protected":false},"excerpt":{"rendered":"<p>Alejandro \u00c1vila Veracruz, Ver.- La ma\u00f1ana de este martes, personal del \u00e1rea privada del Hospital de Alta Especialidad de Veracruz (HAEV) se manifest\u00f3 a las afueras del recinto, solicitando la renuncia de la administradora, Claudia Isabel Aguilar Arauz, por presunto acoso laboral y nepotismo. Una de los problemas m\u00e1s graves, se\u00f1alan, es que no cumple [&hellip;]<\/p>\n","protected":false},"author":1,"featured_media":12683,"comment_status":"open","ping_status":"open","sticky":false,"template":"","format":"standard","meta":{"_jetpack_memberships_contains_paid_content":false,"footnotes":""},"categories":[9],"tags":[],"class_list":["post-12682","post","type-post","status-publish","format-standard","has-post-thumbnail","hentry","category-salud"],"jetpack_featured_media_url":"https:\/\/encuentroinformativo.com.mx\/wp-content\/uploads\/2021\/04\/7A874278-69EB-432E-826D-94D8746003AB.jpeg","jetpack_sharing_enabled":true,"jetpack_likes_enabled":true,"amp_enabled":true,"_links":{"self":[{"href":"https:\/\/encuentroinformativo.com.mx\/index.php?rest_route=\/wp\/v2\/posts\/12682","targetHints":{"allow":["GET"]}}],"collection":[{"href":"https:\/\/encuentroinformativo.com.mx\/index.php?rest_route=\/wp\/v2\/posts"}],"about":[{"href":"https:\/\/encuentroinformativo.com.mx\/index.php?rest_route=\/wp\/v2\/types\/post"}],"author":[{"embeddable":true,"href":"https:\/\/encuentroinformativo.com.mx\/index.php?rest_route=\/wp\/v2\/users\/1"}],"replies":[{"embeddable":true,"href":"https:\/\/encuentroinformativo.com.mx\/index.php?rest_route=%2Fwp%2Fv2%2Fcomments&post=12682"}],"version-history":[{"count":1,"href":"https:\/\/encuentroinformativo.com.mx\/index.php?rest_route=\/wp\/v2\/posts\/12682\/revisions"}],"predecessor-version":[{"id":12685,"href":"https:\/\/encuentroinformativo.com.mx\/index.php?rest_route=\/wp\/v2\/posts\/12682\/revisions\/12685"}],"wp:featuredmedia":[{"embeddable":true,"href":"https:\/\/encuentroinformativo.com.mx\/index.php?rest_route=\/wp\/v2\/media\/12683"}],"wp:attachment":[{"href":"https:\/\/encuentroinformativo.com.mx\/index.php?rest_route=%2Fwp%2Fv2%2Fmedia&parent=12682"}],"wp:term":[{"taxonomy":"category","embeddable":true,"href":"https:\/\/encuentroinformativo.com.mx\/index.php?rest_route=%2Fwp%2Fv2%2Fcategories&post=12682"},{"taxonomy":"post_tag","embeddable":true,"href":"https:\/\/encuentroinformativo.com.mx\/index.php?rest_route=%2Fwp%2Fv2%2Ftags&post=12682"}],"curies":[{"name":"wp","href":"https:\/\/api.w.org\/{rel}","templated":true}]}}