{"id":12691,"date":"2021-04-06T15:52:23","date_gmt":"2021-04-06T20:52:23","guid":{"rendered":"https:\/\/encuentroinformativo.com.mx\/?p=12691"},"modified":"2021-04-06T15:52:27","modified_gmt":"2021-04-06T20:52:27","slug":"mujeres-perredistas-defienden-a-rogelio-n","status":"publish","type":"post","link":"https:\/\/encuentroinformativo.com.mx\/?p=12691","title":{"rendered":"Mujeres perredistas defienden a Rogelio \u201cN\u201d"},"content":{"rendered":"\n<p><strong>Dar\u00edo Pale <\/strong><\/p>\n\n\n\n<p>Xalapa, Ver.- La representante del Partido de la Revoluci\u00f3n Democr\u00e1tica (PRD), ante el Organismo P\u00fablico Local Electoral Yazm\u00edn de los \u00c1ngeles Copete Zapot, se\u00f1al\u00f3 que\u00a0&#8220;a qui\u00e9n quieren agarrar de pendejos&#8221;, en relaci\u00f3n al supuesto da\u00f1o psicol\u00f3gico que Rogelio Franco caus\u00f3 a un Polic\u00eda Ministerial el d\u00eda de su detenci\u00f3n.<\/p>\n\n\n\n<p>Durante la conferencia de prensa en la jornada nacional por la libertad de Rogelio Franco dio a conocer\u00a0\u201cque por 352 pesos y tres semanas de sesiones porque le gener\u00f3 un da\u00f1o psicol\u00f3gico, \u00a1por favor!, \u00a1por el amor de Dios! Son gente adiestrada para reprimir, para matar. Que no nos salgan ahora con que le gener\u00f3 un da\u00f1o psicol\u00f3gico&#8230;a qui\u00e9n quieren agarrar de pendejos&#8221;.<\/p>\n\n\n\n<p>Se\u00f1al\u00f3 que en el caso de la ciudadana salvadore\u00f1a asesinada en Tulum por parte de la polic\u00eda local, que le quebraron la columna vertebral,\u00a0&#8220;cu\u00e1ndo han visto ustedes que cuando van a ejecutar una orden de aprehensi\u00f3n digan a ver d\u00e9jese poner las esposas, por favor lo vamos a detener, eso no es as\u00ed. A qui\u00e9n quieren enga\u00f1ar&#8221;.<\/p>\n\n\n\n<p>Reiter\u00f3 que la causa de la detenci\u00f3n de Rogelio Franco no es por la denuncia en su contra por violencia familiar, de lo contrario muchas de las mujeres perredistas no lo apoyar\u00edan ni se convertir\u00edan en c\u00f3mplices: \u201cExigimos libertad para Rogelio Franco. Nos queda claro que es un preso pol\u00edtico y hacemos un llamado a la sociedad para que se sumen a esta lucha pac\u00edfica, para que no al rato salgan con que violentamos los derechos a equis o ye funcionario&#8221;.<\/p>\n\n\n\n<p>Finalmente advirti\u00f3 que debido a la modificaci\u00f3n al C\u00f3digo Penal, para hacer grave el delito de ultrajes a la autoridad, cualquier ciudadano puede ser v\u00edctima.<\/p>\n","protected":false},"excerpt":{"rendered":"<p>Dar\u00edo Pale Xalapa, Ver.- La representante del Partido de la Revoluci\u00f3n Democr\u00e1tica (PRD), ante el Organismo P\u00fablico Local Electoral Yazm\u00edn de los \u00c1ngeles Copete Zapot, se\u00f1al\u00f3 que\u00a0&#8220;a qui\u00e9n quieren agarrar de pendejos&#8221;, en relaci\u00f3n al supuesto da\u00f1o psicol\u00f3gico que Rogelio Franco caus\u00f3 a un Polic\u00eda Ministerial el d\u00eda de su detenci\u00f3n. Durante la conferencia de [&hellip;]<\/p>\n","protected":false},"author":1,"featured_media":12692,"comment_status":"open","ping_status":"open","sticky":false,"template":"","format":"standard","meta":{"_jetpack_memberships_contains_paid_content":false,"footnotes":""},"categories":[2],"tags":[],"class_list":["post-12691","post","type-post","status-publish","format-standard","has-post-thumbnail","hentry","category-estado"],"jetpack_featured_media_url":"https:\/\/encuentroinformativo.com.mx\/wp-content\/uploads\/2021\/04\/1E51CF6C-3D6A-48CC-94A1-BFB4E92E8350.jpeg","jetpack_sharing_enabled":true,"jetpack_likes_enabled":true,"amp_enabled":true,"_links":{"self":[{"href":"https:\/\/encuentroinformativo.com.mx\/index.php?rest_route=\/wp\/v2\/posts\/12691","targetHints":{"allow":["GET"]}}],"collection":[{"href":"https:\/\/encuentroinformativo.com.mx\/index.php?rest_route=\/wp\/v2\/posts"}],"about":[{"href":"https:\/\/encuentroinformativo.com.mx\/index.php?rest_route=\/wp\/v2\/types\/post"}],"author":[{"embeddable":true,"href":"https:\/\/encuentroinformativo.com.mx\/index.php?rest_route=\/wp\/v2\/users\/1"}],"replies":[{"embeddable":true,"href":"https:\/\/encuentroinformativo.com.mx\/index.php?rest_route=%2Fwp%2Fv2%2Fcomments&post=12691"}],"version-history":[{"count":1,"href":"https:\/\/encuentroinformativo.com.mx\/index.php?rest_route=\/wp\/v2\/posts\/12691\/revisions"}],"predecessor-version":[{"id":12693,"href":"https:\/\/encuentroinformativo.com.mx\/index.php?rest_route=\/wp\/v2\/posts\/12691\/revisions\/12693"}],"wp:featuredmedia":[{"embeddable":true,"href":"https:\/\/encuentroinformativo.com.mx\/index.php?rest_route=\/wp\/v2\/media\/12692"}],"wp:attachment":[{"href":"https:\/\/encuentroinformativo.com.mx\/index.php?rest_route=%2Fwp%2Fv2%2Fmedia&parent=12691"}],"wp:term":[{"taxonomy":"category","embeddable":true,"href":"https:\/\/encuentroinformativo.com.mx\/index.php?rest_route=%2Fwp%2Fv2%2Fcategories&post=12691"},{"taxonomy":"post_tag","embeddable":true,"href":"https:\/\/encuentroinformativo.com.mx\/index.php?rest_route=%2Fwp%2Fv2%2Ftags&post=12691"}],"curies":[{"name":"wp","href":"https:\/\/api.w.org\/{rel}","templated":true}]}}