{"id":12698,"date":"2021-04-06T16:20:27","date_gmt":"2021-04-06T21:20:27","guid":{"rendered":"https:\/\/encuentroinformativo.com.mx\/?p=12698"},"modified":"2021-04-06T16:20:31","modified_gmt":"2021-04-06T21:20:31","slug":"insuficiente-sistema-de-salud-en-medellin-de-bravo","status":"publish","type":"post","link":"https:\/\/encuentroinformativo.com.mx\/?p=12698","title":{"rendered":"Insuficiente sistema de salud en Medell\u00edn de Bravo"},"content":{"rendered":"\n<p><strong>Alejandro \u00c1vila <\/strong><\/p>\n\n\n\n<p>Medell\u00edn de Bravo, Ver.- La&nbsp;Asociaci\u00f3n Civil \u201cSiempre Mejorando la Atenci\u00f3n a Emergencias\u201d, reconoci\u00f3 que el sistema de Salud en el municipio de Medell\u00edn de Bravo y el de emergencias son insuficientes para toda la poblaci\u00f3n y ninguna autoridad gubernamental se ha preocupado por mejorar la situaci\u00f3n.<\/p>\n\n\n\n<p>Es por ello, que este equipo de 22 voluntarios donde convergen&nbsp;param\u00e9dicos, licenciados en Protecci\u00f3n Civil, M\u00e9dicos y Crimin\u00f3logos, se han enfocado desde hace meses en&nbsp;brindar servicios de emergencia como primeros respondientes en el municipio, sobre todo en fraccionamientos cercanos la carretera Veracruz &#8211; El Tejar, o localidades como Playa de Vacas y Dos Bocas.<\/p>\n\n\n\n<p>\u201cAqu\u00ed el sistema de emergencias y el sistema de salud en el municipio pues es muy insuficiente, como la falta de un hospital, de una sala de emergencias, para en caso de tener alg\u00fan paciente grave, exista un lugar donde se pueda estabilizar. Existen Centros de Salud pero no atienden emergencias como tal, como un ejemplo, una persona lesionada por un accidente con una fractura, si hubiera una cl\u00ednica, un hospital, pues el tiempo de respuesta se acorta, al igual que nosotros en las motos, el tiempo de respuesta a un auxilio disminuye hasta el 50 por ciento, nosotros llegamos a un accidente entre 5 y 8 minutos, cuando muchas veces la ambulancia demora hasta 40- 45 minutos\u201d, resalt\u00f3&nbsp;Octavio Pineda Gonz\u00e1lez, t\u00e9cnico en Atenci\u00f3n M\u00e9dica pre Hospitalaria.<\/p>\n\n\n\n<p>La Asociaci\u00f3n Civil &#8220;Siempre Mejorando la Atenci\u00f3n a Emergencias&#8221;, cuenta con varias motocicletas adaptadas como&nbsp;veh\u00edculos de primera intervenci\u00f3n, estas motocicletas est\u00e1n registradas ante las dependencia federales, estatales y locales, conforme lo marcan las leyes de salud y de emergencias.<\/p>\n\n\n\n<p>El fin de semana estuvieron a la altura de Dos Bocas en la carretera Veracruz \u2013 El Tejar, mientras que este martes 6 y mi\u00e9rcoles 7 en Lagos de Puente Moreno, el jueves 8 y viernes 9, estar\u00e1n tambi\u00e9n en Lagos de Puente Moreno, pero a altura de la terminal de camiones.<\/p>\n\n\n\n<p>\u201cRecibimos medicamento, son para las atenciones o para los habitantes de aqu\u00ed del municipio de Medell\u00edn que requieran de alg\u00fan medicamento, nos muestran su receta, si nosotros lo tenemos con gusto se lo donamos, igual recibimos medicamento y nosotros donamos medicamento a quien lo requiera\u201d, subray\u00f3.<\/p>\n\n\n\n<p>La Asociaci\u00f3n Civil pide el apoyo de los ciudadanos o&nbsp;empresario de la zona para que puedan continuar con su labor de apoyo en el municipio.<br>&nbsp;<\/p>\n","protected":false},"excerpt":{"rendered":"<p>Alejandro \u00c1vila Medell\u00edn de Bravo, Ver.- La&nbsp;Asociaci\u00f3n Civil \u201cSiempre Mejorando la Atenci\u00f3n a Emergencias\u201d, reconoci\u00f3 que el sistema de Salud en el municipio de Medell\u00edn de Bravo y el de emergencias son insuficientes para toda la poblaci\u00f3n y ninguna autoridad gubernamental se ha preocupado por mejorar la situaci\u00f3n. Es por ello, que este equipo de [&hellip;]<\/p>\n","protected":false},"author":1,"featured_media":12695,"comment_status":"open","ping_status":"open","sticky":false,"template":"","format":"standard","meta":{"_jetpack_memberships_contains_paid_content":false,"footnotes":""},"categories":[9],"tags":[],"class_list":["post-12698","post","type-post","status-publish","format-standard","has-post-thumbnail","hentry","category-salud"],"jetpack_featured_media_url":"https:\/\/encuentroinformativo.com.mx\/wp-content\/uploads\/2021\/04\/025D4CA4-FF6C-4941-AC2C-6845F8E76242.jpeg","jetpack_sharing_enabled":true,"jetpack_likes_enabled":true,"amp_enabled":true,"_links":{"self":[{"href":"https:\/\/encuentroinformativo.com.mx\/index.php?rest_route=\/wp\/v2\/posts\/12698","targetHints":{"allow":["GET"]}}],"collection":[{"href":"https:\/\/encuentroinformativo.com.mx\/index.php?rest_route=\/wp\/v2\/posts"}],"about":[{"href":"https:\/\/encuentroinformativo.com.mx\/index.php?rest_route=\/wp\/v2\/types\/post"}],"author":[{"embeddable":true,"href":"https:\/\/encuentroinformativo.com.mx\/index.php?rest_route=\/wp\/v2\/users\/1"}],"replies":[{"embeddable":true,"href":"https:\/\/encuentroinformativo.com.mx\/index.php?rest_route=%2Fwp%2Fv2%2Fcomments&post=12698"}],"version-history":[{"count":1,"href":"https:\/\/encuentroinformativo.com.mx\/index.php?rest_route=\/wp\/v2\/posts\/12698\/revisions"}],"predecessor-version":[{"id":12699,"href":"https:\/\/encuentroinformativo.com.mx\/index.php?rest_route=\/wp\/v2\/posts\/12698\/revisions\/12699"}],"wp:featuredmedia":[{"embeddable":true,"href":"https:\/\/encuentroinformativo.com.mx\/index.php?rest_route=\/wp\/v2\/media\/12695"}],"wp:attachment":[{"href":"https:\/\/encuentroinformativo.com.mx\/index.php?rest_route=%2Fwp%2Fv2%2Fmedia&parent=12698"}],"wp:term":[{"taxonomy":"category","embeddable":true,"href":"https:\/\/encuentroinformativo.com.mx\/index.php?rest_route=%2Fwp%2Fv2%2Fcategories&post=12698"},{"taxonomy":"post_tag","embeddable":true,"href":"https:\/\/encuentroinformativo.com.mx\/index.php?rest_route=%2Fwp%2Fv2%2Ftags&post=12698"}],"curies":[{"name":"wp","href":"https:\/\/api.w.org\/{rel}","templated":true}]}}